{"id":62845,"date":"2019-09-16T16:58:16","date_gmt":"2019-09-16T13:58:16","guid":{"rendered":"https:\/\/www.giurgiuveanul.ro\/stiri\/?p=62845"},"modified":"2019-09-16T16:58:16","modified_gmt":"2019-09-16T13:58:16","slug":"marti-17-septembrie-ministrul-finantelor-eugen-teodorovici-vizita-oficiala-la-giurgiu","status":"publish","type":"post","link":"https:\/\/www.giurgiuveanul.ro\/stiri\/marti-17-septembrie-ministrul-finantelor-eugen-teodorovici-vizita-oficiala-la-giurgiu\/","title":{"rendered":"Mar\u0163i, 17 septembrie, ministrul Finan\u021belor, Eugen Teodorovici, vizit\u0103 oficial\u0103 la Giurgiu!"},"content":{"rendered":"<p style=\"text-align: justify;\"><a href=\"https:\/\/www.giurgiuveanul.ro\/stiri\/wp-content\/uploads\/2019\/09\/646x404.jpg\"><img loading=\"lazy\" decoding=\"async\" class=\"aligncenter size-large wp-image-62846\" src=\"https:\/\/www.giurgiuveanul.ro\/stiri\/wp-content\/uploads\/2019\/09\/646x404-560x350.jpg\" alt=\"646x404\" width=\"560\" height=\"350\" srcset=\"https:\/\/www.giurgiuveanul.ro\/stiri\/wp-content\/uploads\/2019\/09\/646x404-560x350.jpg 560w, https:\/\/www.giurgiuveanul.ro\/stiri\/wp-content\/uploads\/2019\/09\/646x404-250x156.jpg 250w, https:\/\/www.giurgiuveanul.ro\/stiri\/wp-content\/uploads\/2019\/09\/646x404-400x250.jpg 400w, https:\/\/www.giurgiuveanul.ro\/stiri\/wp-content\/uploads\/2019\/09\/646x404.jpg 646w\" sizes=\"auto, (max-width: 560px) 100vw, 560px\" \/><\/a>\u00cen data de 17 septembrie a.c., \u00een<!--more--> intervalul orar 9:45-12:00, la Centrul de Formare Echipe Canine din Vama Giurgiu se va desf\u0103\u0219ura o conferin\u021b\u0103 de pres\u0103 \u00een cadrul c\u0103reia va fi lansat\u0103 o nou\u0103 campanie na\u021bional\u0103 anti-contraband\u0103, sub sloganul CONTRABANDA ESTE CRIMA ORGANIZAT\u0102.<\/p>\n<p style=\"text-align: justify;\">La eveniment particip\u0103 ministrul finan\u021belor din Guvernul Rom\u00e2niei, Eugen Orlando Teodorovici, reprezentan\u021bii ANAF \u0219i ai Direc\u021biei Generale a V\u0103milor, autorit\u0103\u021bi publice centrale \u0219i locale.<\/p>\n<p style=\"text-align: justify;\">Pentru conferin\u021ba de pres\u0103 sunt a\u0219tepta\u021bi aproximativ 30 de jurnali\u0219ti din presa na\u021bional\u0103 \u0219i patru din presa interna\u021bional\u0103.<\/p>\n<p style=\"text-align: justify;\">Activit\u0103\u021bile vor fi desf\u0103\u0219urate la sediul Biroului Vamal, situat \u00een Vama Giurgiu.<\/p>\n","protected":false},"excerpt":{"rendered":"<p>\u00cen data de 17 septembrie a.c., \u00een<\/p>\n","protected":false},"author":1,"featured_media":0,"comment_status":"open","ping_status":"open","sticky":false,"template":"","format":"standard","meta":{"footnotes":""},"categories":[6],"tags":[],"class_list":["post-62845","post","type-post","status-publish","format-standard","hentry","category-breaking-news"],"_links":{"self":[{"href":"https:\/\/www.giurgiuveanul.ro\/stiri\/wp-json\/wp\/v2\/posts\/62845","targetHints":{"allow":["GET"]}}],"collection":[{"href":"https:\/\/www.giurgiuveanul.ro\/stiri\/wp-json\/wp\/v2\/posts"}],"about":[{"href":"https:\/\/www.giurgiuveanul.ro\/stiri\/wp-json\/wp\/v2\/types\/post"}],"author":[{"embeddable":true,"href":"https:\/\/www.giurgiuveanul.ro\/stiri\/wp-json\/wp\/v2\/users\/1"}],"replies":[{"embeddable":true,"href":"https:\/\/www.giurgiuveanul.ro\/stiri\/wp-json\/wp\/v2\/comments?post=62845"}],"version-history":[{"count":0,"href":"https:\/\/www.giurgiuveanul.ro\/stiri\/wp-json\/wp\/v2\/posts\/62845\/revisions"}],"wp:attachment":[{"href":"https:\/\/www.giurgiuveanul.ro\/stiri\/wp-json\/wp\/v2\/media?parent=62845"}],"wp:term":[{"taxonomy":"category","embeddable":true,"href":"https:\/\/www.giurgiuveanul.ro\/stiri\/wp-json\/wp\/v2\/categories?post=62845"},{"taxonomy":"post_tag","embeddable":true,"href":"https:\/\/www.giurgiuveanul.ro\/stiri\/wp-json\/wp\/v2\/tags?post=62845"}],"curies":[{"name":"wp","href":"https:\/\/api.w.org\/{rel}","templated":true}]}}