{"id":62848,"date":"2019-09-16T18:32:45","date_gmt":"2019-09-16T15:32:45","guid":{"rendered":"https:\/\/www.giurgiuveanul.ro\/stiri\/?p=62848"},"modified":"2019-09-16T18:32:45","modified_gmt":"2019-09-16T15:32:45","slug":"refuzat-testarea-cu-aparatul-etilotest-si-recoltarea-de-probe-tanar-giurgiuvean-cu-dosar-penal","status":"publish","type":"post","link":"https:\/\/www.giurgiuveanul.ro\/stiri\/refuzat-testarea-cu-aparatul-etilotest-si-recoltarea-de-probe-tanar-giurgiuvean-cu-dosar-penal\/","title":{"rendered":"A refuzat testarea cu aparatul etilotest \u0219i recoltarea de probe. T\u00e2n\u0103r giurgiuvean&#8230; cu dosar penal"},"content":{"rendered":"<p style=\"text-align: justify;\"><strong><a href=\"https:\/\/www.giurgiuveanul.ro\/stiri\/wp-content\/uploads\/2019\/09\/IMG_1789.jpg\"><img loading=\"lazy\" decoding=\"async\" class=\"aligncenter size-large wp-image-62849\" src=\"https:\/\/www.giurgiuveanul.ro\/stiri\/wp-content\/uploads\/2019\/09\/IMG_1789-557x450.jpg\" alt=\"IMG_1789\" width=\"557\" height=\"450\" srcset=\"https:\/\/www.giurgiuveanul.ro\/stiri\/wp-content\/uploads\/2019\/09\/IMG_1789-557x450.jpg 557w, https:\/\/www.giurgiuveanul.ro\/stiri\/wp-content\/uploads\/2019\/09\/IMG_1789-250x202.jpg 250w, https:\/\/www.giurgiuveanul.ro\/stiri\/wp-content\/uploads\/2019\/09\/IMG_1789-400x323.jpg 400w, https:\/\/www.giurgiuveanul.ro\/stiri\/wp-content\/uploads\/2019\/09\/IMG_1789.jpg 800w\" sizes=\"auto, (max-width: 557px) 100vw, 557px\" \/><\/a><\/strong><\/p>\n<p style=\"text-align: justify;\"><strong>Un t\u00e2n\u0103r,<!--more--> din localitatea Gostinu, este cercetat de poli\u021bi\u0219ti dup\u0103 ce a fost depistat de poli\u021bi\u0219ti conduc\u00e2nd autoturismul pe drumurile publice eman\u00e2nd halen\u0103 alcoolic\u0103 \u0219i\u00a0 a refuzat at\u00e2t testarea cu alcooltestul dar \u0219i recoltarea de probe pentru stabilirea alcoolemiei.<\/strong><\/p>\n<p style=\"text-align: justify;\">Poli\u021bi\u0219tii din cadrul Poli\u021biei Municipiului Giurgiu au depistat, recent, un t\u00e2n\u0103r, de 29 ani, din comuna Gostinu, \u00een timp ce conducea autoturismul pe \u015foseaua Bucure\u0219ti, din municipiul Giurgiu.<\/p>\n<p style=\"text-align: justify;\">\u00centruc\u00e2t conduc\u0103torul auto emana halen\u0103 alcoolic\u0103 i s-a solicitat sa fie testat cu aparatul etilotest \u00eens\u0103 acesta a refuzat, ulterior fiind condus la Spitalul Jude\u021bean Giurgiu unde, \u00een fata medicului de gard\u0103, a refuzat recoltarea de probe biologice de s\u00e2nge \u00een vederea stabilirii alcoolemiei.<\/p>\n<p style=\"text-align: justify;\">\u00cen cauz\u0103 a fost \u00eentocmit un dosar penal \u00een care se efectueaz\u0103 cercet\u0103ri sub aspectul s\u0103v\u00e2r\u0219irii infrac\u021biunii de <em>\u201erefuzul sau sustragerea de la prelevarea de mostre biologice\u201d<\/em>.<\/p>\n","protected":false},"excerpt":{"rendered":"<p>Un t\u00e2n\u0103r,<\/p>\n","protected":false},"author":1,"featured_media":0,"comment_status":"open","ping_status":"open","sticky":false,"template":"","format":"standard","meta":{"footnotes":""},"categories":[6],"tags":[],"class_list":["post-62848","post","type-post","status-publish","format-standard","hentry","category-breaking-news"],"_links":{"self":[{"href":"https:\/\/www.giurgiuveanul.ro\/stiri\/wp-json\/wp\/v2\/posts\/62848","targetHints":{"allow":["GET"]}}],"collection":[{"href":"https:\/\/www.giurgiuveanul.ro\/stiri\/wp-json\/wp\/v2\/posts"}],"about":[{"href":"https:\/\/www.giurgiuveanul.ro\/stiri\/wp-json\/wp\/v2\/types\/post"}],"author":[{"embeddable":true,"href":"https:\/\/www.giurgiuveanul.ro\/stiri\/wp-json\/wp\/v2\/users\/1"}],"replies":[{"embeddable":true,"href":"https:\/\/www.giurgiuveanul.ro\/stiri\/wp-json\/wp\/v2\/comments?post=62848"}],"version-history":[{"count":0,"href":"https:\/\/www.giurgiuveanul.ro\/stiri\/wp-json\/wp\/v2\/posts\/62848\/revisions"}],"wp:attachment":[{"href":"https:\/\/www.giurgiuveanul.ro\/stiri\/wp-json\/wp\/v2\/media?parent=62848"}],"wp:term":[{"taxonomy":"category","embeddable":true,"href":"https:\/\/www.giurgiuveanul.ro\/stiri\/wp-json\/wp\/v2\/categories?post=62848"},{"taxonomy":"post_tag","embeddable":true,"href":"https:\/\/www.giurgiuveanul.ro\/stiri\/wp-json\/wp\/v2\/tags?post=62848"}],"curies":[{"name":"wp","href":"https:\/\/api.w.org\/{rel}","templated":true}]}}