{"id":62863,"date":"2019-09-17T16:43:13","date_gmt":"2019-09-17T13:43:13","guid":{"rendered":"https:\/\/www.giurgiuveanul.ro\/stiri\/?p=62863"},"modified":"2019-09-17T16:43:13","modified_gmt":"2019-09-17T13:43:13","slug":"adolescent-disparut-daca-l-ati-vazut-anuntati-urgent-politia","status":"publish","type":"post","link":"https:\/\/www.giurgiuveanul.ro\/stiri\/adolescent-disparut-daca-l-ati-vazut-anuntati-urgent-politia\/","title":{"rendered":"Adolescent disp\u0103rut: Dac\u0103 l-a\u021bi v\u0103zut, anun\u021ba\u021bi urgent Poli\u021bia!"},"content":{"rendered":"<p style=\"text-align: justify;\"><a href=\"https:\/\/www.giurgiuveanul.ro\/stiri\/wp-content\/uploads\/2019\/09\/Gheorghe-Claudiu.jpg\"><img loading=\"lazy\" decoding=\"async\" class=\"aligncenter size-large wp-image-62865\" src=\"https:\/\/www.giurgiuveanul.ro\/stiri\/wp-content\/uploads\/2019\/09\/Gheorghe-Claudiu-368x450.jpg\" alt=\"Gheorghe Claudiu\" width=\"368\" height=\"450\" srcset=\"https:\/\/www.giurgiuveanul.ro\/stiri\/wp-content\/uploads\/2019\/09\/Gheorghe-Claudiu-368x450.jpg 368w, https:\/\/www.giurgiuveanul.ro\/stiri\/wp-content\/uploads\/2019\/09\/Gheorghe-Claudiu-246x300.jpg 246w, https:\/\/www.giurgiuveanul.ro\/stiri\/wp-content\/uploads\/2019\/09\/Gheorghe-Claudiu-400x489.jpg 400w, https:\/\/www.giurgiuveanul.ro\/stiri\/wp-content\/uploads\/2019\/09\/Gheorghe-Claudiu.jpg 573w\" sizes=\"auto, (max-width: 368px) 100vw, 368px\" \/><\/a>La<!--more--> data de 11 septembrie a.c., Poli\u021bia Municipiului Giurgiu a fost sesizat\u0103 telefonic de c\u0103tre un asistent medical din cadrul unei case de tip familial din municipiul Giurgiu, cu privire la faptul c\u0103 un minor institu\u021bionalizat <strong>GHEORGHE CLAUDIU<\/strong>, \u00een v\u00e2rst\u0103 de 16 ani, a plecat cu bilet de voie de la c\u0103su\u021b\u0103 \u00een data de 10 septembrie a.c., orele 18.00 \u015fi nu a mai revenit.<\/p>\n<p style=\"text-align: justify;\"><strong>SEMNALMENTE<\/strong>: \u00een\u0103l\u021bime 1,60 m, greutatea 50 kg, piele de culoare m\u0103slinie, p\u0103r negru, ondulat \u0219i des, tuns mediu, cu breton, ochi c\u0103prui, nu are semne particulare.<\/p>\n<p style=\"text-align: justify;\">La data plec\u0103rii minorul era \u00eembr\u0103cat cu o pereche de pantaloni tip blue-jeans culoare albastr\u0103, vest\u0103 din f\u00e2\u0219 de culoare negru cu ro\u0219u, tricou cu m\u00e2nec\u0103 scurt\u0103 de culoare ro\u0219u \u0219i era \u00eenc\u0103l\u021bat cu o pereche de pantofi sport de culoare albastru \u00eenchis.<\/p>\n<p style=\"text-align: justify;\">Persoanele care pot oferi informa\u021bii care s\u0103 conduc\u0103 la depistarea t\u00e2n\u0103rului sunt rugate s\u0103 contacteze cea mai apropiat\u0103 unitate de poli\u021bie sau s\u0103 apeleze gratuit num\u0103rul unic de urgen\u021b\u0103 112.<\/p>\n","protected":false},"excerpt":{"rendered":"<p>La<\/p>\n","protected":false},"author":1,"featured_media":0,"comment_status":"open","ping_status":"open","sticky":false,"template":"","format":"standard","meta":{"footnotes":""},"categories":[6],"tags":[],"class_list":["post-62863","post","type-post","status-publish","format-standard","hentry","category-breaking-news"],"_links":{"self":[{"href":"https:\/\/www.giurgiuveanul.ro\/stiri\/wp-json\/wp\/v2\/posts\/62863","targetHints":{"allow":["GET"]}}],"collection":[{"href":"https:\/\/www.giurgiuveanul.ro\/stiri\/wp-json\/wp\/v2\/posts"}],"about":[{"href":"https:\/\/www.giurgiuveanul.ro\/stiri\/wp-json\/wp\/v2\/types\/post"}],"author":[{"embeddable":true,"href":"https:\/\/www.giurgiuveanul.ro\/stiri\/wp-json\/wp\/v2\/users\/1"}],"replies":[{"embeddable":true,"href":"https:\/\/www.giurgiuveanul.ro\/stiri\/wp-json\/wp\/v2\/comments?post=62863"}],"version-history":[{"count":0,"href":"https:\/\/www.giurgiuveanul.ro\/stiri\/wp-json\/wp\/v2\/posts\/62863\/revisions"}],"wp:attachment":[{"href":"https:\/\/www.giurgiuveanul.ro\/stiri\/wp-json\/wp\/v2\/media?parent=62863"}],"wp:term":[{"taxonomy":"category","embeddable":true,"href":"https:\/\/www.giurgiuveanul.ro\/stiri\/wp-json\/wp\/v2\/categories?post=62863"},{"taxonomy":"post_tag","embeddable":true,"href":"https:\/\/www.giurgiuveanul.ro\/stiri\/wp-json\/wp\/v2\/tags?post=62863"}],"curies":[{"name":"wp","href":"https:\/\/api.w.org\/{rel}","templated":true}]}}