{"id":62867,"date":"2019-09-17T17:07:51","date_gmt":"2019-09-17T14:07:51","guid":{"rendered":"https:\/\/www.giurgiuveanul.ro\/stiri\/?p=62867"},"modified":"2019-09-17T21:54:50","modified_gmt":"2019-09-17T18:54:50","slug":"in-aer-liber-proiectie-de-film-pentru-copii-in-parcarea-kaufland-giurgiu","status":"publish","type":"post","link":"https:\/\/www.giurgiuveanul.ro\/stiri\/in-aer-liber-proiectie-de-film-pentru-copii-in-parcarea-kaufland-giurgiu\/","title":{"rendered":"\u00cen aer liber! Proiec\u021bie de film pentru copii, \u00een parcarea Kaufland Giurgiu!"},"content":{"rendered":"<p style=\"text-align: justify;\"><a href=\"https:\/\/www.giurgiuveanul.ro\/stiri\/wp-content\/uploads\/2019\/09\/IMG_2102.jpg\"><img loading=\"lazy\" decoding=\"async\" class=\"aligncenter size-large wp-image-62868\" src=\"https:\/\/www.giurgiuveanul.ro\/stiri\/wp-content\/uploads\/2019\/09\/IMG_2102-560x372.jpg\" alt=\"IMG_2102\" width=\"560\" height=\"372\" srcset=\"https:\/\/www.giurgiuveanul.ro\/stiri\/wp-content\/uploads\/2019\/09\/IMG_2102-560x372.jpg 560w, https:\/\/www.giurgiuveanul.ro\/stiri\/wp-content\/uploads\/2019\/09\/IMG_2102-250x166.jpg 250w, https:\/\/www.giurgiuveanul.ro\/stiri\/wp-content\/uploads\/2019\/09\/IMG_2102-400x266.jpg 400w, https:\/\/www.giurgiuveanul.ro\/stiri\/wp-content\/uploads\/2019\/09\/IMG_2102.jpg 800w\" sizes=\"auto, (max-width: 560px) 100vw, 560px\" \/><\/a>Giurgiuvenii sunt a\u0219tepta\u0163i\u00a0<!--more--><strong>joi, 19 septembrie,<\/strong> la o sear\u0103 de film \u00een aer liber, \u00een parcarea magazinului<strong> Kaufland Giurgiu<\/strong> <em>(\u015foseaua Bucure\u015fti, nr. 156)<\/em>, <strong>de la ora 19:30<\/strong>.<\/p>\n<p style=\"text-align: justify;\">Va fi proiectat\u0103 una dintre cele mai \u00eendr\u0103gite anima\u021bii din ultimii ani: <strong>\u201eBerzele\u201d<\/strong>.<\/p>\n<p style=\"text-align: justify;\"><a href=\"https:\/\/www.giurgiuveanul.ro\/stiri\/wp-content\/uploads\/2019\/09\/69757389_3020727587941878_1243631566085685248_o.jpg\"><img loading=\"lazy\" decoding=\"async\" class=\"aligncenter size-large wp-image-62869\" src=\"https:\/\/www.giurgiuveanul.ro\/stiri\/wp-content\/uploads\/2019\/09\/69757389_3020727587941878_1243631566085685248_o-560x314.jpg\" alt=\"69757389_3020727587941878_1243631566085685248_o\" width=\"560\" height=\"314\" srcset=\"https:\/\/www.giurgiuveanul.ro\/stiri\/wp-content\/uploads\/2019\/09\/69757389_3020727587941878_1243631566085685248_o-560x314.jpg 560w, https:\/\/www.giurgiuveanul.ro\/stiri\/wp-content\/uploads\/2019\/09\/69757389_3020727587941878_1243631566085685248_o-250x140.jpg 250w, https:\/\/www.giurgiuveanul.ro\/stiri\/wp-content\/uploads\/2019\/09\/69757389_3020727587941878_1243631566085685248_o-400x224.jpg 400w, https:\/\/www.giurgiuveanul.ro\/stiri\/wp-content\/uploads\/2019\/09\/69757389_3020727587941878_1243631566085685248_o.jpg 2048w\" sizes=\"auto, (max-width: 560px) 100vw, 560px\" \/><\/a><\/p>\n<p style=\"text-align: justify;\">Intrarea este liber\u0103.<\/p>\n<p style=\"text-align: justify;\">Anima\u021bia va fi dublat\u0103 \u00een limba rom\u00e2n\u0103.<\/p>\n<p style=\"text-align: justify;\">Anima\u021bia \u201eBerzele\u201d \/ \u201eStorks\u201d este o comedie \u0219i spune povestea unor berze care s-au reprofilat: acum nu mai expediaz\u0103 bebelu\u0219i, doar pachete. O nou\u0103 comand\u0103 pentru un bebelu\u0219 le d\u0103 peste cap \u00eentreaga strategie \u0219i e nevoie de cea mai competent\u0103 barz\u0103-curier pentru a g\u0103si o solu\u021bie.<\/p>\n<p style=\"text-align: justify;\">Proiec\u021bie organizat\u0103 cu sprijinul Kaufland Romania. #ImplicareaFaceDiferenta<\/p>\n<p style=\"text-align: justify;\">Cinemobilul \u2013 Caravana Cinematografic\u0103 este un proiect cultural co-finan\u0163at de Administra\u0163ia Fondului Cultural Na\u0163ional.<\/p>\n","protected":false},"excerpt":{"rendered":"<p>Giurgiuvenii sunt a\u0219tepta\u0163i\u00a0<\/p>\n","protected":false},"author":1,"featured_media":0,"comment_status":"open","ping_status":"open","sticky":false,"template":"","format":"standard","meta":{"footnotes":""},"categories":[6],"tags":[],"class_list":["post-62867","post","type-post","status-publish","format-standard","hentry","category-breaking-news"],"_links":{"self":[{"href":"https:\/\/www.giurgiuveanul.ro\/stiri\/wp-json\/wp\/v2\/posts\/62867","targetHints":{"allow":["GET"]}}],"collection":[{"href":"https:\/\/www.giurgiuveanul.ro\/stiri\/wp-json\/wp\/v2\/posts"}],"about":[{"href":"https:\/\/www.giurgiuveanul.ro\/stiri\/wp-json\/wp\/v2\/types\/post"}],"author":[{"embeddable":true,"href":"https:\/\/www.giurgiuveanul.ro\/stiri\/wp-json\/wp\/v2\/users\/1"}],"replies":[{"embeddable":true,"href":"https:\/\/www.giurgiuveanul.ro\/stiri\/wp-json\/wp\/v2\/comments?post=62867"}],"version-history":[{"count":0,"href":"https:\/\/www.giurgiuveanul.ro\/stiri\/wp-json\/wp\/v2\/posts\/62867\/revisions"}],"wp:attachment":[{"href":"https:\/\/www.giurgiuveanul.ro\/stiri\/wp-json\/wp\/v2\/media?parent=62867"}],"wp:term":[{"taxonomy":"category","embeddable":true,"href":"https:\/\/www.giurgiuveanul.ro\/stiri\/wp-json\/wp\/v2\/categories?post=62867"},{"taxonomy":"post_tag","embeddable":true,"href":"https:\/\/www.giurgiuveanul.ro\/stiri\/wp-json\/wp\/v2\/tags?post=62867"}],"curies":[{"name":"wp","href":"https:\/\/api.w.org\/{rel}","templated":true}]}}