{"id":62873,"date":"2019-09-17T17:29:39","date_gmt":"2019-09-17T14:29:39","guid":{"rendered":"https:\/\/www.giurgiuveanul.ro\/stiri\/?p=62873"},"modified":"2019-09-17T17:29:39","modified_gmt":"2019-09-17T14:29:39","slug":"intalnire-cu-contribuabilii-pe-tema-og-nr-62019-privind-instituirea-unor-facilitati-fiscale","status":"publish","type":"post","link":"https:\/\/www.giurgiuveanul.ro\/stiri\/intalnire-cu-contribuabilii-pe-tema-og-nr-62019-privind-instituirea-unor-facilitati-fiscale\/","title":{"rendered":"\u00cent\u00e2lnire cu contribuabilii pe tema OG nr.6\/2019 privind instituirea unor facilit\u0103\u0163i fiscale"},"content":{"rendered":"<p><a href=\"https:\/\/www.giurgiuveanul.ro\/stiri\/wp-content\/uploads\/2019\/09\/corpul-expertilor-contabili-si-contabililor-autorizati-f2-7395b04fe050bd61cc0cbb01336b7ed1.jpg\"><img loading=\"lazy\" decoding=\"async\" class=\"aligncenter size-large wp-image-62874\" src=\"https:\/\/www.giurgiuveanul.ro\/stiri\/wp-content\/uploads\/2019\/09\/corpul-expertilor-contabili-si-contabililor-autorizati-f2-7395b04fe050bd61cc0cbb01336b7ed1-560x288.jpg\" alt=\"corpul-expertilor-contabili-si-contabililor-autorizati-f2-7395b04fe050bd61cc0cbb01336b7ed1\" width=\"560\" height=\"288\" srcset=\"https:\/\/www.giurgiuveanul.ro\/stiri\/wp-content\/uploads\/2019\/09\/corpul-expertilor-contabili-si-contabililor-autorizati-f2-7395b04fe050bd61cc0cbb01336b7ed1-560x288.jpg 560w, https:\/\/www.giurgiuveanul.ro\/stiri\/wp-content\/uploads\/2019\/09\/corpul-expertilor-contabili-si-contabililor-autorizati-f2-7395b04fe050bd61cc0cbb01336b7ed1-250x129.jpg 250w, https:\/\/www.giurgiuveanul.ro\/stiri\/wp-content\/uploads\/2019\/09\/corpul-expertilor-contabili-si-contabililor-autorizati-f2-7395b04fe050bd61cc0cbb01336b7ed1-400x206.jpg 400w, https:\/\/www.giurgiuveanul.ro\/stiri\/wp-content\/uploads\/2019\/09\/corpul-expertilor-contabili-si-contabililor-autorizati-f2-7395b04fe050bd61cc0cbb01336b7ed1.jpg 660w\" sizes=\"auto, (max-width: 560px) 100vw, 560px\" \/><\/a>Miercuri, 18 septembrie 2018, \u00eencep\u00e2nd cu ora<!--more--> 10.30, la sediul Inspectoratului Scolar Judetean Giurgiu, str. Ion Munteanu, nr. 3, in sala de \u015fedin\u0163e se va desf\u0103\u0219ura o \u00eent\u00e2lnire cu <strong>reprezentanti ai MFP<\/strong> si <strong>\u00een colaborare cu C.E.C.A.R. filiala Giurgiu,<\/strong> \u00een vederea aplic\u0103rii unitare a <strong>dispozi\u021biilor OG nr.6\/2019 privind instituirea unor facilitati fiscale \u00een func\u021bie de valoarea obligatiilor bugetare restante la 31 decembrie 2018<\/strong>.<\/p>\n<p>Contribuabilii interesati sa participe la \u00eent\u00e2lnire, sunt a\u0219tepta\u021bi la data, ora \u0219i loca\u021bia mentionata mai sus, utiliz\u00e2nd <a href=\"https:\/\/www.anaf.ro\/asistpublic\/\">Formularul de contact<\/a> de pe pagina de internet a Agen\u021biei Na\u021bionale de Administrare Fiscal\u0103.<\/p>\n","protected":false},"excerpt":{"rendered":"<p>Miercuri, 18 septembrie 2018, \u00eencep\u00e2nd cu ora<\/p>\n","protected":false},"author":1,"featured_media":0,"comment_status":"open","ping_status":"open","sticky":false,"template":"","format":"standard","meta":{"footnotes":""},"categories":[6],"tags":[],"class_list":["post-62873","post","type-post","status-publish","format-standard","hentry","category-breaking-news"],"_links":{"self":[{"href":"https:\/\/www.giurgiuveanul.ro\/stiri\/wp-json\/wp\/v2\/posts\/62873","targetHints":{"allow":["GET"]}}],"collection":[{"href":"https:\/\/www.giurgiuveanul.ro\/stiri\/wp-json\/wp\/v2\/posts"}],"about":[{"href":"https:\/\/www.giurgiuveanul.ro\/stiri\/wp-json\/wp\/v2\/types\/post"}],"author":[{"embeddable":true,"href":"https:\/\/www.giurgiuveanul.ro\/stiri\/wp-json\/wp\/v2\/users\/1"}],"replies":[{"embeddable":true,"href":"https:\/\/www.giurgiuveanul.ro\/stiri\/wp-json\/wp\/v2\/comments?post=62873"}],"version-history":[{"count":0,"href":"https:\/\/www.giurgiuveanul.ro\/stiri\/wp-json\/wp\/v2\/posts\/62873\/revisions"}],"wp:attachment":[{"href":"https:\/\/www.giurgiuveanul.ro\/stiri\/wp-json\/wp\/v2\/media?parent=62873"}],"wp:term":[{"taxonomy":"category","embeddable":true,"href":"https:\/\/www.giurgiuveanul.ro\/stiri\/wp-json\/wp\/v2\/categories?post=62873"},{"taxonomy":"post_tag","embeddable":true,"href":"https:\/\/www.giurgiuveanul.ro\/stiri\/wp-json\/wp\/v2\/tags?post=62873"}],"curies":[{"name":"wp","href":"https:\/\/api.w.org\/{rel}","templated":true}]}}