{"id":62930,"date":"2019-09-19T11:23:34","date_gmt":"2019-09-19T08:23:34","guid":{"rendered":"https:\/\/www.giurgiuveanul.ro\/stiri\/?p=62930"},"modified":"2019-09-19T11:26:02","modified_gmt":"2019-09-19T08:26:02","slug":"la-trattoria-di-centro-te-asteapta-la-stand-comedy-cu-nae-nicolae-si-cristian-manolescu","status":"publish","type":"post","link":"https:\/\/www.giurgiuveanul.ro\/stiri\/la-trattoria-di-centro-te-asteapta-la-stand-comedy-cu-nae-nicolae-si-cristian-manolescu\/","title":{"rendered":"\u201eLa Trattoria di Centro\u201d te a\u0219teapt\u0103 la Stand up Comedy cu Nae Nicolae \u0219i Cristian Manolescu!"},"content":{"rendered":"<p><strong><a href=\"https:\/\/www.giurgiuveanul.ro\/stiri\/wp-content\/uploads\/2019\/09\/Stand-Up_Comedy_-_Casa_Berarului_-_Brasov_-_2_august_2019-620x330.jpg\"><img loading=\"lazy\" decoding=\"async\" class=\"aligncenter size-large wp-image-62931\" src=\"https:\/\/www.giurgiuveanul.ro\/stiri\/wp-content\/uploads\/2019\/09\/Stand-Up_Comedy_-_Casa_Berarului_-_Brasov_-_2_august_2019-620x330-560x298.jpg\" alt=\"Stand-Up_Comedy_-_Casa_Berarului_-_Brasov_-_2_august_2019-620x330\" width=\"560\" height=\"298\" srcset=\"https:\/\/www.giurgiuveanul.ro\/stiri\/wp-content\/uploads\/2019\/09\/Stand-Up_Comedy_-_Casa_Berarului_-_Brasov_-_2_august_2019-620x330-560x298.jpg 560w, https:\/\/www.giurgiuveanul.ro\/stiri\/wp-content\/uploads\/2019\/09\/Stand-Up_Comedy_-_Casa_Berarului_-_Brasov_-_2_august_2019-620x330-250x133.jpg 250w, https:\/\/www.giurgiuveanul.ro\/stiri\/wp-content\/uploads\/2019\/09\/Stand-Up_Comedy_-_Casa_Berarului_-_Brasov_-_2_august_2019-620x330-400x213.jpg 400w, https:\/\/www.giurgiuveanul.ro\/stiri\/wp-content\/uploads\/2019\/09\/Stand-Up_Comedy_-_Casa_Berarului_-_Brasov_-_2_august_2019-620x330.jpg 620w\" sizes=\"auto, (max-width: 560px) 100vw, 560px\" \/><\/a>Comedian\u021bii Nae Nicolae \u0219i Cristian Manolescu vin la<!--more--> \u201eTrattoria di Centro\u201d, \u00een Giurgiu, vineri, 20 septembrie a.c., unde vor sus\u0163ine un Stand up Comedy.<\/strong><\/p>\n<p>Pre\u021bul unui bilet este de 25 lei.<\/p>\n<p>Informa\u021bii \u0219i rezerv\u0103ri: <strong>0765.480.488<\/strong>.<\/p>\n<p><strong>Cristi Manolescu <\/strong>este primul comediant care a st\u00e2rnit controverse la iUmor, Bendeac schimb\u00e2ndu-\u015fi votul.<\/p>\n<p>Cheloo &#8211; <em>\u201eNe-ai debusolat! Ne-am pierdut obi\u015fnuin\u0163a de a asculta lucruri pl\u0103cute \u015fi g\u00e2ndite \u015fi muncite!\u201d<\/em><\/p>\n<p><a href=\"https:\/\/www.youtube.com\/watch?v=YMeU03Z5ZrM\">https:\/\/www.youtube.com\/watch?v=YMeU03Z5ZrM<\/a><\/p>\n<p><strong>Nae Nicolae <\/strong>a f\u0103cut senza\u0163ie \u00een emisiunea iUmor, unde a reu\u015fit s\u0103 conving\u0103 o \u0163ar\u0103 \u00eentreag\u0103 s\u0103-i dea un Like! Datorit\u0103 stilului s\u0103u unic, Nae s-a f\u0103cut repede remarcat, reu\u015find s\u0103 devin\u0103 un nou \u201cmust see\u201d al stand-upului rom\u00e2nesc.<\/p>\n<p><a href=\"https:\/\/www.youtube.com\/watch?v=NpH6dbr9RO4\">https:\/\/www.youtube.com\/watch?v=NpH6dbr9RO4<\/a><\/p>\n<p><a href=\"https:\/\/www.giurgiuveanul.ro\/stiri\/wp-content\/uploads\/2019\/09\/70009371_527353491141119_1072420687764783104_n.jpg\"><img loading=\"lazy\" decoding=\"async\" class=\"aligncenter size-large wp-image-62934\" src=\"https:\/\/www.giurgiuveanul.ro\/stiri\/wp-content\/uploads\/2019\/09\/70009371_527353491141119_1072420687764783104_n-320x450.jpg\" alt=\"70009371_527353491141119_1072420687764783104_n\" width=\"320\" height=\"450\" srcset=\"https:\/\/www.giurgiuveanul.ro\/stiri\/wp-content\/uploads\/2019\/09\/70009371_527353491141119_1072420687764783104_n-320x450.jpg 320w, https:\/\/www.giurgiuveanul.ro\/stiri\/wp-content\/uploads\/2019\/09\/70009371_527353491141119_1072420687764783104_n-213x300.jpg 213w, https:\/\/www.giurgiuveanul.ro\/stiri\/wp-content\/uploads\/2019\/09\/70009371_527353491141119_1072420687764783104_n-400x562.jpg 400w, https:\/\/www.giurgiuveanul.ro\/stiri\/wp-content\/uploads\/2019\/09\/70009371_527353491141119_1072420687764783104_n.jpg 683w\" sizes=\"auto, (max-width: 320px) 100vw, 320px\" \/><\/a><\/p>\n","protected":false},"excerpt":{"rendered":"<p>Comedian\u021bii Nae Nicolae \u0219i Cristian Manolescu vin la<\/p>\n","protected":false},"author":1,"featured_media":0,"comment_status":"open","ping_status":"open","sticky":false,"template":"","format":"standard","meta":{"footnotes":""},"categories":[6],"tags":[],"class_list":["post-62930","post","type-post","status-publish","format-standard","hentry","category-breaking-news"],"_links":{"self":[{"href":"https:\/\/www.giurgiuveanul.ro\/stiri\/wp-json\/wp\/v2\/posts\/62930","targetHints":{"allow":["GET"]}}],"collection":[{"href":"https:\/\/www.giurgiuveanul.ro\/stiri\/wp-json\/wp\/v2\/posts"}],"about":[{"href":"https:\/\/www.giurgiuveanul.ro\/stiri\/wp-json\/wp\/v2\/types\/post"}],"author":[{"embeddable":true,"href":"https:\/\/www.giurgiuveanul.ro\/stiri\/wp-json\/wp\/v2\/users\/1"}],"replies":[{"embeddable":true,"href":"https:\/\/www.giurgiuveanul.ro\/stiri\/wp-json\/wp\/v2\/comments?post=62930"}],"version-history":[{"count":0,"href":"https:\/\/www.giurgiuveanul.ro\/stiri\/wp-json\/wp\/v2\/posts\/62930\/revisions"}],"wp:attachment":[{"href":"https:\/\/www.giurgiuveanul.ro\/stiri\/wp-json\/wp\/v2\/media?parent=62930"}],"wp:term":[{"taxonomy":"category","embeddable":true,"href":"https:\/\/www.giurgiuveanul.ro\/stiri\/wp-json\/wp\/v2\/categories?post=62930"},{"taxonomy":"post_tag","embeddable":true,"href":"https:\/\/www.giurgiuveanul.ro\/stiri\/wp-json\/wp\/v2\/tags?post=62930"}],"curies":[{"name":"wp","href":"https:\/\/api.w.org\/{rel}","templated":true}]}}