{"id":62938,"date":"2019-09-19T11:53:27","date_gmt":"2019-09-19T08:53:27","guid":{"rendered":"https:\/\/www.giurgiuveanul.ro\/stiri\/?p=62938"},"modified":"2019-09-19T11:53:28","modified_gmt":"2019-09-19T08:53:28","slug":"cand-trecem-la-ora-de-iarna","status":"publish","type":"post","link":"https:\/\/www.giurgiuveanul.ro\/stiri\/cand-trecem-la-ora-de-iarna\/","title":{"rendered":"C\u00e2nd trecem la ora de iarn\u0103"},"content":{"rendered":"<p style=\"text-align: justify;\"><strong><a href=\"https:\/\/www.giurgiuveanul.ro\/stiri\/wp-content\/uploads\/2019\/09\/c800x800_ora_de_iarna.jpg\"><img loading=\"lazy\" decoding=\"async\" class=\"aligncenter size-large wp-image-62939\" src=\"https:\/\/www.giurgiuveanul.ro\/stiri\/wp-content\/uploads\/2019\/09\/c800x800_ora_de_iarna-450x450.jpg\" alt=\"c800x800_ora_de_iarna\" width=\"450\" height=\"450\" srcset=\"https:\/\/www.giurgiuveanul.ro\/stiri\/wp-content\/uploads\/2019\/09\/c800x800_ora_de_iarna-450x450.jpg 450w, https:\/\/www.giurgiuveanul.ro\/stiri\/wp-content\/uploads\/2019\/09\/c800x800_ora_de_iarna-250x250.jpg 250w, https:\/\/www.giurgiuveanul.ro\/stiri\/wp-content\/uploads\/2019\/09\/c800x800_ora_de_iarna-200x200.jpg 200w, https:\/\/www.giurgiuveanul.ro\/stiri\/wp-content\/uploads\/2019\/09\/c800x800_ora_de_iarna-400x400.jpg 400w, https:\/\/www.giurgiuveanul.ro\/stiri\/wp-content\/uploads\/2019\/09\/c800x800_ora_de_iarna.jpg 800w\" sizes=\"auto, (max-width: 450px) 100vw, 450px\" \/><\/a>Ora de iarn\u0103 se aplic\u0103 \u00een fiecare an, \u00een ultima noapte de s\u00e2mb\u0103t\u0103 spre duminic\u0103 din luna<!--more--> octombrie. \u00cen anul 2019, trecerea la ora de iarn\u0103 va avea loc \u00een noaptea de 26 spre 27 octombrie. \u00cen noaptea de 26 octombrie spre 27 octombrie 2019 (s\u00e2mb\u0103t\u0103 spre duminic\u0103), ora 4.00 devine ora 3.00.<\/strong><\/p>\n<p style=\"text-align: justify;\">Trecerea la ora de iarn\u0103 \u00eenseamn\u0103 ca vom dormi mai mult cu o or\u0103, ceasurile fiind date \u00eenapoi. Astfel, duminic\u0103, 27 octombrie, va fi cea mai lung\u0103 zi din an, av\u00e2nd 25 de ore.<\/p>\n<p style=\"text-align: justify;\">La \u00eenceputul lunii martie 2019, \u00een Comisia European\u0103 s-a votat\u00a0favorabil propunerea ca \u00eencep\u00e2nd din anul 2021 s\u0103 se renun\u0163e la\u00a0schimbarea orei de iarn\u0103 \u015fi \u00een UE. \u00cen urma acestui vot, statele membre care prefer\u0103 s\u0103 r\u0103m\u00e2n\u0103 la ora standard, cunoscut\u0103 \u015fi drept ora de iarn\u0103, vor face aceast\u0103 ultim\u0103 schimbare \u00een ultima duminic\u0103 a lunii octombrie. Mecanismul prin care se schimb\u0103 ora, prim\u0103vara \u0219i toamna, este folosit \u00een peste 100 de \u021b\u0103ri din lumea \u00eentreag\u0103. Rom\u00e2nia a aderat la ora de var\u0103 \u00een 1932.<\/p>\n<p style=\"text-align: justify;\">Ora de iarn\u0103 este ora legal\u0103 oficial\u0103 standard \u015fi este legat\u0103 de conceptul de or\u0103 astronomic\u0103, folosit\u0103 \u00een mod normal \u00een majoritatea \u021b\u0103rilor sau teritoriilor, \u00een special \u00een emisfera nordic\u0103, acoperind calendaristic, de obicei, perioada cuprins\u0103 \u00eentre lunile octombrie a unui an \u0219i aprilie a anului urm\u0103tor.<\/p>\n<p style=\"text-align: justify;\">Ora de iarn\u0103 este numit\u0103 astfel prin contrast cu ora de var\u0103, al c\u0103rui scop este folosirea din plin, c\u00e2t mai mult timp posibil, a luminii Soarelui, prin mutarea \u00eenapoi a orei oficiale cu o or\u0103.<\/p>\n<p style=\"text-align: justify;\">Cel care a g\u00e2ndit prima dat\u0103 ca posibil\u0103 introducerea acestui tip de orar conven\u0163ional a fost un neo \u2013 zeelandez, Hudson \u00een, anul 1898.<\/p>\n<p style=\"text-align: justify;\">Nu toate \u0163\u0103rile folosesc \u00een acest moment ora de var\u0103, ci doar 70 de \u0163\u0103ri din \u00eentreaga lume. \u00cen plus, nu toate \u0163\u0103rile au acelea\u015fi perioade pentru schimbarea orei de var\u0103.<\/p>\n","protected":false},"excerpt":{"rendered":"<p>Ora de iarn\u0103 se aplic\u0103 \u00een fiecare an, \u00een ultima noapte de s\u00e2mb\u0103t\u0103 spre duminic\u0103 din luna<\/p>\n","protected":false},"author":1,"featured_media":0,"comment_status":"open","ping_status":"open","sticky":false,"template":"","format":"standard","meta":{"footnotes":""},"categories":[6],"tags":[],"class_list":["post-62938","post","type-post","status-publish","format-standard","hentry","category-breaking-news"],"_links":{"self":[{"href":"https:\/\/www.giurgiuveanul.ro\/stiri\/wp-json\/wp\/v2\/posts\/62938","targetHints":{"allow":["GET"]}}],"collection":[{"href":"https:\/\/www.giurgiuveanul.ro\/stiri\/wp-json\/wp\/v2\/posts"}],"about":[{"href":"https:\/\/www.giurgiuveanul.ro\/stiri\/wp-json\/wp\/v2\/types\/post"}],"author":[{"embeddable":true,"href":"https:\/\/www.giurgiuveanul.ro\/stiri\/wp-json\/wp\/v2\/users\/1"}],"replies":[{"embeddable":true,"href":"https:\/\/www.giurgiuveanul.ro\/stiri\/wp-json\/wp\/v2\/comments?post=62938"}],"version-history":[{"count":0,"href":"https:\/\/www.giurgiuveanul.ro\/stiri\/wp-json\/wp\/v2\/posts\/62938\/revisions"}],"wp:attachment":[{"href":"https:\/\/www.giurgiuveanul.ro\/stiri\/wp-json\/wp\/v2\/media?parent=62938"}],"wp:term":[{"taxonomy":"category","embeddable":true,"href":"https:\/\/www.giurgiuveanul.ro\/stiri\/wp-json\/wp\/v2\/categories?post=62938"},{"taxonomy":"post_tag","embeddable":true,"href":"https:\/\/www.giurgiuveanul.ro\/stiri\/wp-json\/wp\/v2\/tags?post=62938"}],"curies":[{"name":"wp","href":"https:\/\/api.w.org\/{rel}","templated":true}]}}