{"id":62958,"date":"2019-09-19T16:32:54","date_gmt":"2019-09-19T13:32:54","guid":{"rendered":"https:\/\/www.giurgiuveanul.ro\/stiri\/?p=62958"},"modified":"2019-09-19T16:32:54","modified_gmt":"2019-09-19T13:32:54","slug":"minora-disparuta-identificata-de-politistii-giurgiuveni","status":"publish","type":"post","link":"https:\/\/www.giurgiuveanul.ro\/stiri\/minora-disparuta-identificata-de-politistii-giurgiuveni\/","title":{"rendered":"Minor\u0103 disp\u0103rut\u0103, identificat\u0103 de poli\u021bi\u0219tii giurgiuveni"},"content":{"rendered":"<p style=\"text-align: justify;\"><a href=\"https:\/\/www.giurgiuveanul.ro\/stiri\/wp-content\/uploads\/2019\/09\/politia-romana-emblema.jpg\"><img loading=\"lazy\" decoding=\"async\" class=\"aligncenter size-large wp-image-62959\" src=\"https:\/\/www.giurgiuveanul.ro\/stiri\/wp-content\/uploads\/2019\/09\/politia-romana-emblema-560x384.jpg\" alt=\"politia-romana-emblema\" width=\"560\" height=\"384\" srcset=\"https:\/\/www.giurgiuveanul.ro\/stiri\/wp-content\/uploads\/2019\/09\/politia-romana-emblema-560x384.jpg 560w, https:\/\/www.giurgiuveanul.ro\/stiri\/wp-content\/uploads\/2019\/09\/politia-romana-emblema-250x172.jpg 250w, https:\/\/www.giurgiuveanul.ro\/stiri\/wp-content\/uploads\/2019\/09\/politia-romana-emblema-400x275.jpg 400w, https:\/\/www.giurgiuveanul.ro\/stiri\/wp-content\/uploads\/2019\/09\/politia-romana-emblema.jpg 794w\" sizes=\"auto, (max-width: 560px) 100vw, 560px\" \/><\/a>Poli\u021bi\u0219tii<!--more--> Sec\u021biei nr. 6 Politie Rurala Mihailesti, \u00een baza unor informa\u021bii, s-au deplasat, mar\u021bi, 18 septembrie a.c., ora 18.00, \u00een comuna Clejani, jude\u021bul Giurgiu, ocazie cu care au identificat o adolescent\u0103, de 16 ani, din comuna Berzovia, jude\u021bul Cara\u0219-Severin, care a plecat voluntar de la domiciliul s\u0103u \u00een data de 07 august 2019.<\/p>\n<p style=\"text-align: justify;\">Cu aceast\u0103 ocazie, t\u00e2n\u0103ra a fost condus\u0103 la sediul Sec\u021biei nr. 6 Poli\u021bie Rural\u0103 Mih\u0103ile\u0219ti, iar \u00een urma discu\u021biilor purtate cu aceasta s-a stabilit faptul c\u0103 nu a fost victima vreunei infrac\u021biuni.<\/p>\n<p style=\"text-align: justify;\">T\u00e2n\u0103ra a fost transportat\u0103 la Centrul de Primiri \u00een Regim de Urgen\u021b\u0103 al D.G.A.S.P.C. Giurgiu p\u00e2n\u0103 la solu\u021bionarea situa\u021biei \u0219i predarea acesteia c\u0103tre familie.<\/p>\n","protected":false},"excerpt":{"rendered":"<p>Poli\u021bi\u0219tii<\/p>\n","protected":false},"author":1,"featured_media":0,"comment_status":"open","ping_status":"open","sticky":false,"template":"","format":"standard","meta":{"footnotes":""},"categories":[6],"tags":[],"class_list":["post-62958","post","type-post","status-publish","format-standard","hentry","category-breaking-news"],"_links":{"self":[{"href":"https:\/\/www.giurgiuveanul.ro\/stiri\/wp-json\/wp\/v2\/posts\/62958","targetHints":{"allow":["GET"]}}],"collection":[{"href":"https:\/\/www.giurgiuveanul.ro\/stiri\/wp-json\/wp\/v2\/posts"}],"about":[{"href":"https:\/\/www.giurgiuveanul.ro\/stiri\/wp-json\/wp\/v2\/types\/post"}],"author":[{"embeddable":true,"href":"https:\/\/www.giurgiuveanul.ro\/stiri\/wp-json\/wp\/v2\/users\/1"}],"replies":[{"embeddable":true,"href":"https:\/\/www.giurgiuveanul.ro\/stiri\/wp-json\/wp\/v2\/comments?post=62958"}],"version-history":[{"count":0,"href":"https:\/\/www.giurgiuveanul.ro\/stiri\/wp-json\/wp\/v2\/posts\/62958\/revisions"}],"wp:attachment":[{"href":"https:\/\/www.giurgiuveanul.ro\/stiri\/wp-json\/wp\/v2\/media?parent=62958"}],"wp:term":[{"taxonomy":"category","embeddable":true,"href":"https:\/\/www.giurgiuveanul.ro\/stiri\/wp-json\/wp\/v2\/categories?post=62958"},{"taxonomy":"post_tag","embeddable":true,"href":"https:\/\/www.giurgiuveanul.ro\/stiri\/wp-json\/wp\/v2\/tags?post=62958"}],"curies":[{"name":"wp","href":"https:\/\/api.w.org\/{rel}","templated":true}]}}