{"id":62964,"date":"2019-09-19T17:26:11","date_gmt":"2019-09-19T14:26:11","guid":{"rendered":"https:\/\/www.giurgiuveanul.ro\/stiri\/?p=62964"},"modified":"2019-09-19T17:26:11","modified_gmt":"2019-09-19T14:26:11","slug":"vrei-sa-devii-jandarm-incep-inscrierile","status":"publish","type":"post","link":"https:\/\/www.giurgiuveanul.ro\/stiri\/vrei-sa-devii-jandarm-incep-inscrierile\/","title":{"rendered":"Vrei s\u0103 devii jandarm? \u00cencep \u00eenscrierile!"},"content":{"rendered":"<p style=\"text-align: justify;\"><strong><a href=\"https:\/\/www.giurgiuveanul.ro\/stiri\/wp-content\/uploads\/2019\/09\/elevi.jpg\"><img loading=\"lazy\" decoding=\"async\" class=\"aligncenter size-large wp-image-62965\" src=\"https:\/\/www.giurgiuveanul.ro\/stiri\/wp-content\/uploads\/2019\/09\/elevi-560x315.jpg\" alt=\"elevi\" width=\"560\" height=\"315\" srcset=\"https:\/\/www.giurgiuveanul.ro\/stiri\/wp-content\/uploads\/2019\/09\/elevi-560x315.jpg 560w, https:\/\/www.giurgiuveanul.ro\/stiri\/wp-content\/uploads\/2019\/09\/elevi-250x141.jpg 250w, https:\/\/www.giurgiuveanul.ro\/stiri\/wp-content\/uploads\/2019\/09\/elevi-400x225.jpg 400w, https:\/\/www.giurgiuveanul.ro\/stiri\/wp-content\/uploads\/2019\/09\/elevi.jpg 960w\" sizes=\"auto, (max-width: 560px) 100vw, 560px\" \/><\/a>\u00cencep\u00e2nd de<!--more--> luni, 23 septembrie a.c., vor \u00eencepe \u00eenscrierile pentru sesiunea de admitere din luna ianuarie 2020 la \u0219colile militare de subofi\u021beri din Dr\u0103g\u0103\u0219ani \u0219i F\u0103lticeni. Tinerii giurgiuveni interesa\u021bi de o carier\u0103 \u00een Jandarmeria Rom\u00e2n\u0103 trebuie s\u0103 depun\u0103 cererile p\u00e2n\u0103 la data de 15 noiembrie a.c.<\/strong><\/p>\n<p style=\"text-align: justify;\">Pentru aceast\u0103 sesiune de admitere sunt disponibile:<\/p>\n<ul style=\"text-align: justify;\">\n<li><strong>190 de locuri<\/strong> <strong>la \u015ecoala Militar\u0103 de Subofi\u0163eri Jandarmi \u201eGrigore Alexandru Ghica\u201d Dr\u0103g\u0103\u015fani <\/strong>(<em>din care 3 locuri pentru cet\u0103\u021beni de etnie rom\u0103 \u015fi 2 locuri pentru alte minorit\u0103\u0163i; 5 locuri pentru I.G.Av.; 35 de locuri pentru S.I.E.<\/em>);<\/li>\n<li><strong>170 de locuri<\/strong> <strong>la<\/strong> <strong>\u015ecoala Militar\u0103 de Subofi\u0163eri Jandarmi \u201ePetru Rare\u015f\u201d F\u0103lticeni <\/strong>(<em>din care 3 locuri pentru cet\u0103\u021beni de etnie rom\u0103 \u015fi 2 locuri pentru alte minorit\u0103\u0163i; 5 locuri pentru I.G.Av.; 15 de locuri pentru S.I.E.<\/em>).<\/li>\n<\/ul>\n<p style=\"text-align: justify;\">Rela\u0163ii suplimentare privind condi\u0163iile de \u00eenscriere la examenul de admitere se pot ob\u0163ine la sediul Inspectoratului de Jandarmi Jude\u021bean Giurgiu din \u015fos. Bucure\u015fti, \u00a0\u00a0\u00a0\u00a0\u00a0\u00a0\u00a0\u00a0\u00a0\u00a0\u00a0\u00a0\u00a0\u00a0\u00a0\u00a0\u00a0nr. 57 sau telefonic la num\u0103rul 0246\/219.631, interior 24.535.<\/p>\n<p style=\"text-align: justify;\">Totodat\u0103, activit\u0103\u021bile desf\u0103\u0219urate pe aceast\u0103 linie \u0219i informa\u021bii importante pentru candida\u021bi vor fi postate pe pagina <a href=\"http:\/\/www.jandarmeriagiurgiu.ro\">www.jandarmeriagiurgiu.ro<\/a>, precum \u0219i pe paginile oficiale de Facebook \u0219i Twitter, id: Jandarmeria Giurgiu.<\/p>\n","protected":false},"excerpt":{"rendered":"<p>\u00cencep\u00e2nd de<\/p>\n","protected":false},"author":1,"featured_media":0,"comment_status":"open","ping_status":"open","sticky":false,"template":"","format":"standard","meta":{"footnotes":""},"categories":[6],"tags":[],"class_list":["post-62964","post","type-post","status-publish","format-standard","hentry","category-breaking-news"],"_links":{"self":[{"href":"https:\/\/www.giurgiuveanul.ro\/stiri\/wp-json\/wp\/v2\/posts\/62964","targetHints":{"allow":["GET"]}}],"collection":[{"href":"https:\/\/www.giurgiuveanul.ro\/stiri\/wp-json\/wp\/v2\/posts"}],"about":[{"href":"https:\/\/www.giurgiuveanul.ro\/stiri\/wp-json\/wp\/v2\/types\/post"}],"author":[{"embeddable":true,"href":"https:\/\/www.giurgiuveanul.ro\/stiri\/wp-json\/wp\/v2\/users\/1"}],"replies":[{"embeddable":true,"href":"https:\/\/www.giurgiuveanul.ro\/stiri\/wp-json\/wp\/v2\/comments?post=62964"}],"version-history":[{"count":0,"href":"https:\/\/www.giurgiuveanul.ro\/stiri\/wp-json\/wp\/v2\/posts\/62964\/revisions"}],"wp:attachment":[{"href":"https:\/\/www.giurgiuveanul.ro\/stiri\/wp-json\/wp\/v2\/media?parent=62964"}],"wp:term":[{"taxonomy":"category","embeddable":true,"href":"https:\/\/www.giurgiuveanul.ro\/stiri\/wp-json\/wp\/v2\/categories?post=62964"},{"taxonomy":"post_tag","embeddable":true,"href":"https:\/\/www.giurgiuveanul.ro\/stiri\/wp-json\/wp\/v2\/tags?post=62964"}],"curies":[{"name":"wp","href":"https:\/\/api.w.org\/{rel}","templated":true}]}}