{"id":62975,"date":"2019-09-19T19:11:57","date_gmt":"2019-09-19T16:11:57","guid":{"rendered":"https:\/\/www.giurgiuveanul.ro\/stiri\/?p=62975"},"modified":"2019-09-19T19:20:31","modified_gmt":"2019-09-19T16:20:31","slug":"perchezitii-intr-un-caz-de-trafic-de-minori-sase-fete-au-fost-salvate-de-politisti","status":"publish","type":"post","link":"https:\/\/www.giurgiuveanul.ro\/stiri\/perchezitii-intr-un-caz-de-trafic-de-minori-sase-fete-au-fost-salvate-de-politisti\/","title":{"rendered":"Perchezi\u021bii \u00eentr-un caz de trafic de minori! \u015ease fete au fost salvate de poli\u0163i\u015fti!"},"content":{"rendered":"<p style=\"text-align: justify;\"><a href=\"https:\/\/www.giurgiuveanul.ro\/stiri\/wp-content\/uploads\/2019\/09\/mascati.jpg\"><img loading=\"lazy\" decoding=\"async\" class=\"aligncenter size-large wp-image-62976\" src=\"https:\/\/www.giurgiuveanul.ro\/stiri\/wp-content\/uploads\/2019\/09\/mascati-560x373.jpg\" alt=\"mascati\" width=\"560\" height=\"373\" srcset=\"https:\/\/www.giurgiuveanul.ro\/stiri\/wp-content\/uploads\/2019\/09\/mascati-560x373.jpg 560w, https:\/\/www.giurgiuveanul.ro\/stiri\/wp-content\/uploads\/2019\/09\/mascati-250x167.jpg 250w, https:\/\/www.giurgiuveanul.ro\/stiri\/wp-content\/uploads\/2019\/09\/mascati-400x267.jpg 400w, https:\/\/www.giurgiuveanul.ro\/stiri\/wp-content\/uploads\/2019\/09\/mascati.jpg 1200w\" sizes=\"auto, (max-width: 560px) 100vw, 560px\" \/><\/a>Poli\u021bi\u0219tii Serviciului de Combatere a Criminalit\u0103\u021bii Organizate Giurgiu,<!--more--> sub coordonarea procurorului D.I.I.C.O.T. \u2013 B.T. Giurgiu, au desf\u0103\u0219urat o ac\u021biune pentru destructurarea unei grup\u0103ri de trafic de minori \u00een scopul exploat\u0103rii, prin obligarea la practicarea prostitu\u021biei.<\/p>\n<p style=\"text-align: justify;\">Ast\u0103zi, 19 septembrie a.c., poli\u021bi\u0219tii au efectuat patru perchezi\u021bii domiciliare \u00een municipiile Giurgiu \u0219i Bac\u0103u, fiind vizat\u0103 o grupare infrac\u021bional\u0103 specializat\u0103 \u00een trafic de minori.<\/p>\n<p style=\"text-align: justify;\">Astfel, \u00een urma descinderilor, au fost salvate \u015fase fete, cu v\u00e2rste cuprinse \u00eentre 15 \u0219i 20 de ani \u0219i au fost ridicate mai multe cartele telefonice S.I.M., trei autoturisme, \u00een vederea instituirii sechestrului asigurator \u0219i 3.500 de lei.<\/p>\n<p style=\"text-align: justify;\">Din cercet\u0103ri a reie\u0219it c\u0103, \u00eencep\u00e2nd cu anul 2018, cele \u015fase fete ar fi fost racolate prin folosirea de amenin\u021b\u0103ri, transportate sau transferate \u00eentre membrii grup\u0103rii pe raza jude\u021belor Dolj, Bac\u0103u, Prahova \u0219i Constan\u021ba, unde ar fi fost exploatate prin obligarea la practicarea prostitu\u021biei, \u00een urma promov\u0103rii unor anun\u021buri de tip escort\u0103 pe diferite site\u2013uri.<\/p>\n<p style=\"text-align: justify;\">Poli\u021bi\u0219tii au pus \u00een aplicare opt mandate de aducere emise pe numele persoanelor cercetate, fiind conduse la sediul D.I.I.C.O.T. \u2013 B.T. Giurgiu.<\/p>\n<p style=\"text-align: justify;\">Ac\u021biunea a beneficiat de sprijinul Direc\u021biei Opera\u021biuni Speciale, brig\u0103zilor de combatere a criminalit\u0103\u021bii organizate din Craiova \u0219i Bac\u0103u, precum \u0219i al jandarmilor.<\/p>\n","protected":false},"excerpt":{"rendered":"<p>Poli\u021bi\u0219tii Serviciului de Combatere a Criminalit\u0103\u021bii Organizate Giurgiu,<\/p>\n","protected":false},"author":1,"featured_media":0,"comment_status":"open","ping_status":"open","sticky":false,"template":"","format":"standard","meta":{"footnotes":""},"categories":[6],"tags":[],"class_list":["post-62975","post","type-post","status-publish","format-standard","hentry","category-breaking-news"],"_links":{"self":[{"href":"https:\/\/www.giurgiuveanul.ro\/stiri\/wp-json\/wp\/v2\/posts\/62975","targetHints":{"allow":["GET"]}}],"collection":[{"href":"https:\/\/www.giurgiuveanul.ro\/stiri\/wp-json\/wp\/v2\/posts"}],"about":[{"href":"https:\/\/www.giurgiuveanul.ro\/stiri\/wp-json\/wp\/v2\/types\/post"}],"author":[{"embeddable":true,"href":"https:\/\/www.giurgiuveanul.ro\/stiri\/wp-json\/wp\/v2\/users\/1"}],"replies":[{"embeddable":true,"href":"https:\/\/www.giurgiuveanul.ro\/stiri\/wp-json\/wp\/v2\/comments?post=62975"}],"version-history":[{"count":0,"href":"https:\/\/www.giurgiuveanul.ro\/stiri\/wp-json\/wp\/v2\/posts\/62975\/revisions"}],"wp:attachment":[{"href":"https:\/\/www.giurgiuveanul.ro\/stiri\/wp-json\/wp\/v2\/media?parent=62975"}],"wp:term":[{"taxonomy":"category","embeddable":true,"href":"https:\/\/www.giurgiuveanul.ro\/stiri\/wp-json\/wp\/v2\/categories?post=62975"},{"taxonomy":"post_tag","embeddable":true,"href":"https:\/\/www.giurgiuveanul.ro\/stiri\/wp-json\/wp\/v2\/tags?post=62975"}],"curies":[{"name":"wp","href":"https:\/\/api.w.org\/{rel}","templated":true}]}}