{"id":63012,"date":"2019-09-20T14:03:05","date_gmt":"2019-09-20T11:03:05","guid":{"rendered":"https:\/\/www.giurgiuveanul.ro\/stiri\/?p=63012"},"modified":"2019-09-20T14:03:05","modified_gmt":"2019-09-20T11:03:05","slug":"surse-procurorii-dna-propunere-de-arestare-preventiva-pentru-doua-dintre-persoanele-implicate-in-cazul-obtinere-de-permise-auto-in-mod-fraudulos-la-giurgiu","status":"publish","type":"post","link":"https:\/\/www.giurgiuveanul.ro\/stiri\/surse-procurorii-dna-propunere-de-arestare-preventiva-pentru-doua-dintre-persoanele-implicate-in-cazul-obtinere-de-permise-auto-in-mod-fraudulos-la-giurgiu\/","title":{"rendered":"SURSE. Procurorii DNA, propunere de arestare preventiv\u0103 pentru dou\u0103 dintre persoanele implicate \u00een cazul \u201eob\u0163inere de permise auto \u00een mod fraudulos\u201d, la Giurgiu!"},"content":{"rendered":"<p style=\"text-align: justify;\"><a href=\"https:\/\/www.giurgiuveanul.ro\/stiri\/wp-content\/uploads\/2019\/09\/dna1.jpg\"><img loading=\"lazy\" decoding=\"async\" class=\"aligncenter size-large wp-image-63013\" src=\"https:\/\/www.giurgiuveanul.ro\/stiri\/wp-content\/uploads\/2019\/09\/dna1-560x298.jpg\" alt=\"dna\" width=\"560\" height=\"298\" srcset=\"https:\/\/www.giurgiuveanul.ro\/stiri\/wp-content\/uploads\/2019\/09\/dna1-560x298.jpg 560w, https:\/\/www.giurgiuveanul.ro\/stiri\/wp-content\/uploads\/2019\/09\/dna1-250x133.jpg 250w, https:\/\/www.giurgiuveanul.ro\/stiri\/wp-content\/uploads\/2019\/09\/dna1-400x213.jpg 400w, https:\/\/www.giurgiuveanul.ro\/stiri\/wp-content\/uploads\/2019\/09\/dna1.jpg 855w\" sizes=\"auto, (max-width: 560px) 100vw, 560px\" \/><\/a>Dou\u0103 dintre persoanele<!--more--> re\u0163inute de c\u0103tre procurorii DNA, \u00een cazul \u201eob\u0163inere de permise auto \u00een mod fraudulos\u201d, urmeaz\u0103 a fi prezentate instan\u0163ei de judecat\u0103 cu propunere de arestare preventiv\u0103 pentru 30 de zile, potrivit unor surse.<\/p>\n<p style=\"text-align: justify;\">A\u015ftept\u0103m comunicatul Direc\u0163iei Na\u0163ionale Anticorup\u0163ie.<\/p>\n","protected":false},"excerpt":{"rendered":"<p>Dou\u0103 dintre persoanele<\/p>\n","protected":false},"author":1,"featured_media":0,"comment_status":"open","ping_status":"open","sticky":false,"template":"","format":"standard","meta":{"footnotes":""},"categories":[6],"tags":[],"class_list":["post-63012","post","type-post","status-publish","format-standard","hentry","category-breaking-news"],"_links":{"self":[{"href":"https:\/\/www.giurgiuveanul.ro\/stiri\/wp-json\/wp\/v2\/posts\/63012","targetHints":{"allow":["GET"]}}],"collection":[{"href":"https:\/\/www.giurgiuveanul.ro\/stiri\/wp-json\/wp\/v2\/posts"}],"about":[{"href":"https:\/\/www.giurgiuveanul.ro\/stiri\/wp-json\/wp\/v2\/types\/post"}],"author":[{"embeddable":true,"href":"https:\/\/www.giurgiuveanul.ro\/stiri\/wp-json\/wp\/v2\/users\/1"}],"replies":[{"embeddable":true,"href":"https:\/\/www.giurgiuveanul.ro\/stiri\/wp-json\/wp\/v2\/comments?post=63012"}],"version-history":[{"count":0,"href":"https:\/\/www.giurgiuveanul.ro\/stiri\/wp-json\/wp\/v2\/posts\/63012\/revisions"}],"wp:attachment":[{"href":"https:\/\/www.giurgiuveanul.ro\/stiri\/wp-json\/wp\/v2\/media?parent=63012"}],"wp:term":[{"taxonomy":"category","embeddable":true,"href":"https:\/\/www.giurgiuveanul.ro\/stiri\/wp-json\/wp\/v2\/categories?post=63012"},{"taxonomy":"post_tag","embeddable":true,"href":"https:\/\/www.giurgiuveanul.ro\/stiri\/wp-json\/wp\/v2\/tags?post=63012"}],"curies":[{"name":"wp","href":"https:\/\/api.w.org\/{rel}","templated":true}]}}