{"id":63015,"date":"2019-09-20T15:26:54","date_gmt":"2019-09-20T12:26:54","guid":{"rendered":"https:\/\/www.giurgiuveanul.ro\/stiri\/?p=63015"},"modified":"2019-09-20T15:37:30","modified_gmt":"2019-09-20T12:37:30","slug":"ultima-ora-directiei-nationale-anticoruptie-comunicat-de-presa-privind-cazul-giurgiu","status":"publish","type":"post","link":"https:\/\/www.giurgiuveanul.ro\/stiri\/ultima-ora-directiei-nationale-anticoruptie-comunicat-de-presa-privind-cazul-giurgiu\/","title":{"rendered":"ULTIMA OR\u0102! Direc\u0163ia Na\u0163ional\u0103 Anticorup\u0163ie, comunicat de pres\u0103 privind cazul Giurgiu!"},"content":{"rendered":"<p style=\"text-align: justify;\"><span id=\"cch_f339808a42f6eae\" class=\"_mh6 _wsc\"><span class=\"_3oh- _58nk\"><a href=\"https:\/\/www.giurgiuveanul.ro\/stiri\/wp-content\/uploads\/2019\/09\/YXNoPWI3ZDhmNmM5NGMzZjYyZDkxNjVkNTVmZTRkMTIwMDQ1.thumb_.jpg\"><img loading=\"lazy\" decoding=\"async\" class=\"aligncenter size-large wp-image-63016\" src=\"https:\/\/www.giurgiuveanul.ro\/stiri\/wp-content\/uploads\/2019\/09\/YXNoPWI3ZDhmNmM5NGMzZjYyZDkxNjVkNTVmZTRkMTIwMDQ1.thumb_-560x373.jpg\" alt=\"YXNoPWI3ZDhmNmM5NGMzZjYyZDkxNjVkNTVmZTRkMTIwMDQ1.thumb\" width=\"560\" height=\"373\" srcset=\"https:\/\/www.giurgiuveanul.ro\/stiri\/wp-content\/uploads\/2019\/09\/YXNoPWI3ZDhmNmM5NGMzZjYyZDkxNjVkNTVmZTRkMTIwMDQ1.thumb_-560x373.jpg 560w, https:\/\/www.giurgiuveanul.ro\/stiri\/wp-content\/uploads\/2019\/09\/YXNoPWI3ZDhmNmM5NGMzZjYyZDkxNjVkNTVmZTRkMTIwMDQ1.thumb_-250x167.jpg 250w, https:\/\/www.giurgiuveanul.ro\/stiri\/wp-content\/uploads\/2019\/09\/YXNoPWI3ZDhmNmM5NGMzZjYyZDkxNjVkNTVmZTRkMTIwMDQ1.thumb_-400x267.jpg 400w, https:\/\/www.giurgiuveanul.ro\/stiri\/wp-content\/uploads\/2019\/09\/YXNoPWI3ZDhmNmM5NGMzZjYyZDkxNjVkNTVmZTRkMTIwMDQ1.thumb_.jpg 800w\" sizes=\"auto, (max-width: 560px) 100vw, 560px\" \/><\/a>Procurorii din cadrul Direc\u0163iei Na\u0163ionale Anticorup\u0163ie \u2013 Sec\u0163ia de combatere a infrac\u0163iunilor asimilate infrac\u0163iunilor de corup\u0163ie au dispus punerea \u00een mi\u0219care a ac\u021biunii penale \u015fi re\u0163inerea pentru 24 de ore, \u00eencep\u00e2nd cu data de 20 septembrie 2019, a inculpa\u021bilor:<\/span><\/span><!--more--><\/p>\n<p style=\"text-align: justify;\"><span id=\"cch_f339808a42f6eae\" class=\"_mh6 _wsc\"><span class=\"_3oh- _58nk\"><strong> V\u0102DUVA MITIC\u0102,<\/strong> comisar de poli\u021bie, \u0219ef al Serviciului Public Comunitar Regim Permise de Conducere \u0219i \u00cenmatricularea Vehiculelor (SPCRPCIV) Giurgiu, sub aspectul s\u0103v\u00e2r\u0219irii a 10 infrac\u021biuni de luare de mit\u0103,<\/span><\/span><\/p>\n<p style=\"text-align: justify;\"><span id=\"cch_f339808a42f6eae\" class=\"_mh6 _wsc\"><span class=\"_3oh- _58nk\"> <strong>MOTOTOLEA MARIN<\/strong>, primar al comunei Valea Dragului, jude\u021bul Giurgiu, sub aspectul s\u0103v\u00e2r\u0219irii a patru infrac\u021biuni de complicitate la luare de mit\u0103. <\/span><\/span><\/p>\n<p style=\"text-align: justify;\"><span id=\"cch_f339808a42f6eae\" class=\"_mh6 _wsc\"><span class=\"_3oh- _58nk\">\u00cen ordonan\u0163ele procurorilor se arat\u0103 c\u0103, \u00een cauz\u0103, exist\u0103 date \u0219i probe care contureaz\u0103 urm\u0103toarea stare de fapt: \u00cen perioada 13 mai 2019 \u2013 24 iulie 2019, inculpatul V\u0103duva Mitic\u0103, \u00een calitatea sus men\u021bionat\u0103, ar fi pretins \u0219i primit de la mai multe persoane (intermediari \u0219i candida\u021bi) diverse sume de bani pentru: &#8211; promovarea unor candida\u021bi la proba practic\u0103 din cadrul examenului pentru ob\u021binerea permisului de conducere, &#8211; programarea \u201epeste r\u00e2nd\u201d a candida\u021bilor la proba practic\u0103 din cadrul examenului pentru ob\u021binerea permisului de conducere (art. 8 alin. 5 din Ordinul nr. 268\/2010 privind procedura de examinare pentru ob\u021binerea permisului de conducere, prevede c\u0103 programarea la proba practic\u0103 se face \u00een limita locurilor disponibile \u0219i \u00een ordinea solicit\u0103rii), &#8211; \u00eenmatricularea cu prioritate a unor autoturisme. <\/span><\/span><\/p>\n<p style=\"text-align: justify;\"><span id=\"cch_f339808a42f6eae\" class=\"_mh6 _wsc\"><span class=\"_3oh- _58nk\">\u00cen cazul a patru astfel de program\u0103ri, ofi\u021berul de poli\u021bie ar fi primit banii de la inculpatul Mototolea Marin. Din probe a rezultat faptul c\u0103 inculpatul V\u0103duva Mitic\u0103 ar fi perceput \u00een mod uzual de la persoanele care f\u0103ceau interven\u021bii la el urm\u0103toarele sume de bani: 50 de euro pentru a programa cu prioritate candida\u021bi la proba practic\u0103, 300 de Euro pentru promovarea probei practice, 100 euro pentru \u00eenmatricularea \u201c\u00een regim de urgen\u021b\u0103\u201d a autoturismelor. <\/span><\/span><\/p>\n<p style=\"text-align: justify;\"><span id=\"cch_f339808a42f6eae\" class=\"_mh6 _wsc\"><span class=\"_3oh- _58nk\">\u00cen cauz\u0103, se desf\u0103\u0219oar\u0103 acte de urm\u0103rire penal\u0103 \u0219i fa\u021b\u0103 de alte 11 persoane. Celor doi inculpa\u021bi li s-au adus la cuno\u0219tin\u021b\u0103 calitatea procesual\u0103 \u0219i acuza\u021biile, \u00een conformitate cu prevederile art. 309 Cod de procedur\u0103 penal\u0103. La data de 20 septembrie 2019, cei doi inculpa\u021bi vor fi prezenta\u021bi Tribunalului Bucure\u0219ti cu propunere de arestare preventiv\u0103 pentru 30 de zile. Amintim c\u0103, \u00een cursul zilei de 19 septembrie 2019, ca urmare a ob\u021binerii autoriz\u0103rilor legale de la instan\u021ba competent\u0103, au fost efectuate perchezi\u021bii domiciliare \u00een 26 loca\u021bii, situate \u00een jude\u021bul Giurgiu, dintre care una s-a desf\u0103\u0219urat la sediul Serviciului Public Comunitar Regim Permise de Conducere \u0219i \u00cenmatricularea Vehiculelor (S.P.C.R.P.C.I.V.) Giurgiu. <\/span><\/span><\/p>\n<p style=\"text-align: justify;\"><span id=\"cch_f339808a42f6eae\" class=\"_mh6 _wsc\"><span class=\"_3oh- _58nk\">\u00cen cauz\u0103, procurorii au beneficiat de sprijin din partea ofi\u021berilor de poli\u021bie din cadrul Direc\u021biei Generale Anticorup\u021bie \u0219i din cadrul Brig\u0103zii Speciale de Interven\u021bie a Jandarmeriei \u201cVlad \u021aepe\u0219\u201d. Facem precizarea c\u0103 punerea \u00een mi\u0219care a ac\u021biunii penale este o etap\u0103 a procesului penal reglementat\u0103 de Codul de procedur\u0103 penal\u0103, av\u00e2nd ca scop crearea cadrului procesual de administrare a probatoriului, activitate care nu poate, \u00een nici o situa\u021bie, s\u0103 \u00eenfr\u00e2ng\u0103 principiul prezum\u021biei de nevinov\u0103\u021bie.<\/span><\/span><\/p>\n","protected":false},"excerpt":{"rendered":"<p>Procurorii din cadrul Direc\u0163iei Na\u0163ionale Anticorup\u0163ie \u2013 Sec\u0163ia de combatere a infrac\u0163iunilor asimilate infrac\u0163iunilor de corup\u0163ie au dispus punerea \u00een mi\u0219care a ac\u021biunii penale \u015fi re\u0163inerea pentru 24 de ore, \u00eencep\u00e2nd cu data de 20 septembrie 2019, a inculpa\u021bilor:<\/p>\n","protected":false},"author":1,"featured_media":0,"comment_status":"open","ping_status":"open","sticky":false,"template":"","format":"standard","meta":{"footnotes":""},"categories":[6],"tags":[],"class_list":["post-63015","post","type-post","status-publish","format-standard","hentry","category-breaking-news"],"_links":{"self":[{"href":"https:\/\/www.giurgiuveanul.ro\/stiri\/wp-json\/wp\/v2\/posts\/63015","targetHints":{"allow":["GET"]}}],"collection":[{"href":"https:\/\/www.giurgiuveanul.ro\/stiri\/wp-json\/wp\/v2\/posts"}],"about":[{"href":"https:\/\/www.giurgiuveanul.ro\/stiri\/wp-json\/wp\/v2\/types\/post"}],"author":[{"embeddable":true,"href":"https:\/\/www.giurgiuveanul.ro\/stiri\/wp-json\/wp\/v2\/users\/1"}],"replies":[{"embeddable":true,"href":"https:\/\/www.giurgiuveanul.ro\/stiri\/wp-json\/wp\/v2\/comments?post=63015"}],"version-history":[{"count":0,"href":"https:\/\/www.giurgiuveanul.ro\/stiri\/wp-json\/wp\/v2\/posts\/63015\/revisions"}],"wp:attachment":[{"href":"https:\/\/www.giurgiuveanul.ro\/stiri\/wp-json\/wp\/v2\/media?parent=63015"}],"wp:term":[{"taxonomy":"category","embeddable":true,"href":"https:\/\/www.giurgiuveanul.ro\/stiri\/wp-json\/wp\/v2\/categories?post=63015"},{"taxonomy":"post_tag","embeddable":true,"href":"https:\/\/www.giurgiuveanul.ro\/stiri\/wp-json\/wp\/v2\/tags?post=63015"}],"curies":[{"name":"wp","href":"https:\/\/api.w.org\/{rel}","templated":true}]}}