{"id":63026,"date":"2019-09-21T13:15:31","date_gmt":"2019-09-21T10:15:31","guid":{"rendered":"https:\/\/www.giurgiuveanul.ro\/stiri\/?p=63026"},"modified":"2019-09-21T13:15:31","modified_gmt":"2019-09-21T10:15:31","slug":"accident-rutier-pe-aleea-fabricii-de-zahar-in-municipiul-giurgiu-foto","status":"publish","type":"post","link":"https:\/\/www.giurgiuveanul.ro\/stiri\/accident-rutier-pe-aleea-fabricii-de-zahar-in-municipiul-giurgiu-foto\/","title":{"rendered":"ACCIDENT RUTIER pe aleea Fabricii de Zah\u0103r, \u00een  municipiul Giurgiu! (FOTO)"},"content":{"rendered":"<p style=\"text-align: justify;\"><a href=\"https:\/\/www.giurgiuveanul.ro\/stiri\/wp-content\/uploads\/2019\/09\/71665680_514022262712465_7550562174339383296_n.jpg\"><img loading=\"lazy\" decoding=\"async\" class=\"aligncenter size-large wp-image-63027\" src=\"https:\/\/www.giurgiuveanul.ro\/stiri\/wp-content\/uploads\/2019\/09\/71665680_514022262712465_7550562174339383296_n-560x272.jpg\" alt=\"71665680_514022262712465_7550562174339383296_n\" width=\"560\" height=\"272\" srcset=\"https:\/\/www.giurgiuveanul.ro\/stiri\/wp-content\/uploads\/2019\/09\/71665680_514022262712465_7550562174339383296_n-560x272.jpg 560w, https:\/\/www.giurgiuveanul.ro\/stiri\/wp-content\/uploads\/2019\/09\/71665680_514022262712465_7550562174339383296_n-250x121.jpg 250w, https:\/\/www.giurgiuveanul.ro\/stiri\/wp-content\/uploads\/2019\/09\/71665680_514022262712465_7550562174339383296_n-400x194.jpg 400w, https:\/\/www.giurgiuveanul.ro\/stiri\/wp-content\/uploads\/2019\/09\/71665680_514022262712465_7550562174339383296_n.jpg 1599w\" sizes=\"auto, (max-width: 560px) 100vw, 560px\" \/><\/a>Ast\u0103zi, \u00een jurul orei<!--more--> 9.30, o femeie, de 61 de ani, din comuna Fr\u0103te\u0219ti, \u00een timp ce conducea un autoturism pe strada Aleea Fabricii de Zahar, la intersec\u021bia cu strada Unirii, nu a respectat semnifica\u021bia indicatorului \u201eStop\u201d \u0219i a intrat \u00een coliziune cu un autocamion condus de un b\u0103rbat, de 55 de ani, din comuna Fr\u0103te\u0219ti.<\/p>\n<p style=\"text-align: justify;\">\u00cen urma evenimentului rutier a rezultat r\u0103nirea conduc\u0103toarei auto \u0219i unei femei, de 51 de ani, din municipiul Giurgiu, pasager pe locul din dreapta al autoturismului, ambele fiind conduse la spital pentru acordarea de \u00eengrijiri medicale.<\/p>\n<p style=\"text-align: justify;\">Ambii conduc\u0103tori auto au fost testa\u021bi cu aparatul alcooltest, rezultatele fiind negative.<\/p>\n<p style=\"text-align: justify;\">Se efectueaz\u0103 cercet\u0103ri sub aspectul s\u0103v\u00e2r\u0219irii infrac\u021biunii de v\u0103t\u0103mare corporal\u0103 din culp\u0103.<\/p>\n<p style=\"text-align: justify;\"><a href=\"https:\/\/www.giurgiuveanul.ro\/stiri\/wp-content\/uploads\/2019\/09\/71401061_980358262302471_3179170445022724096_n.jpg\"><img loading=\"lazy\" decoding=\"async\" class=\"aligncenter size-large wp-image-63028\" src=\"https:\/\/www.giurgiuveanul.ro\/stiri\/wp-content\/uploads\/2019\/09\/71401061_980358262302471_3179170445022724096_n-219x450.jpg\" alt=\"71401061_980358262302471_3179170445022724096_n\" width=\"219\" height=\"450\" srcset=\"https:\/\/www.giurgiuveanul.ro\/stiri\/wp-content\/uploads\/2019\/09\/71401061_980358262302471_3179170445022724096_n-219x450.jpg 219w, https:\/\/www.giurgiuveanul.ro\/stiri\/wp-content\/uploads\/2019\/09\/71401061_980358262302471_3179170445022724096_n-146x300.jpg 146w, https:\/\/www.giurgiuveanul.ro\/stiri\/wp-content\/uploads\/2019\/09\/71401061_980358262302471_3179170445022724096_n-292x600.jpg 292w, https:\/\/www.giurgiuveanul.ro\/stiri\/wp-content\/uploads\/2019\/09\/71401061_980358262302471_3179170445022724096_n.jpg 389w\" sizes=\"auto, (max-width: 219px) 100vw, 219px\" \/><\/a><\/p>\n<p style=\"text-align: justify;\"><strong><em>FOTO IPJ Giurgiu<\/em><\/strong><\/p>\n","protected":false},"excerpt":{"rendered":"<p>Ast\u0103zi, \u00een jurul orei<\/p>\n","protected":false},"author":1,"featured_media":0,"comment_status":"open","ping_status":"open","sticky":false,"template":"","format":"standard","meta":{"footnotes":""},"categories":[6],"tags":[],"class_list":["post-63026","post","type-post","status-publish","format-standard","hentry","category-breaking-news"],"_links":{"self":[{"href":"https:\/\/www.giurgiuveanul.ro\/stiri\/wp-json\/wp\/v2\/posts\/63026","targetHints":{"allow":["GET"]}}],"collection":[{"href":"https:\/\/www.giurgiuveanul.ro\/stiri\/wp-json\/wp\/v2\/posts"}],"about":[{"href":"https:\/\/www.giurgiuveanul.ro\/stiri\/wp-json\/wp\/v2\/types\/post"}],"author":[{"embeddable":true,"href":"https:\/\/www.giurgiuveanul.ro\/stiri\/wp-json\/wp\/v2\/users\/1"}],"replies":[{"embeddable":true,"href":"https:\/\/www.giurgiuveanul.ro\/stiri\/wp-json\/wp\/v2\/comments?post=63026"}],"version-history":[{"count":0,"href":"https:\/\/www.giurgiuveanul.ro\/stiri\/wp-json\/wp\/v2\/posts\/63026\/revisions"}],"wp:attachment":[{"href":"https:\/\/www.giurgiuveanul.ro\/stiri\/wp-json\/wp\/v2\/media?parent=63026"}],"wp:term":[{"taxonomy":"category","embeddable":true,"href":"https:\/\/www.giurgiuveanul.ro\/stiri\/wp-json\/wp\/v2\/categories?post=63026"},{"taxonomy":"post_tag","embeddable":true,"href":"https:\/\/www.giurgiuveanul.ro\/stiri\/wp-json\/wp\/v2\/tags?post=63026"}],"curies":[{"name":"wp","href":"https:\/\/api.w.org\/{rel}","templated":true}]}}