{"id":63030,"date":"2019-09-21T13:45:48","date_gmt":"2019-09-21T10:45:48","guid":{"rendered":"https:\/\/www.giurgiuveanul.ro\/stiri\/?p=63030"},"modified":"2019-09-21T13:46:28","modified_gmt":"2019-09-21T10:46:28","slug":"ce-au-hotarat-magistratii-tribunalului-bucuresti-in-cazul-obtinere-de-permise-auto-in-mod-fraudulos-la-giurgiu","status":"publish","type":"post","link":"https:\/\/www.giurgiuveanul.ro\/stiri\/ce-au-hotarat-magistratii-tribunalului-bucuresti-in-cazul-obtinere-de-permise-auto-in-mod-fraudulos-la-giurgiu\/","title":{"rendered":"ULTIMA OR\u0102. Ce au hot\u0103r\u00e2t magistra\u0163ii Tribunalului Bucure\u015fti \u00een cazul \u201eob\u0163inere de permise auto \u00een mod fraudulos\u201d, la Giurgiu"},"content":{"rendered":"<p style=\"text-align: justify;\"><a href=\"https:\/\/www.giurgiuveanul.ro\/stiri\/wp-content\/uploads\/2019\/09\/judecatorie-1-765x383.jpg\"><img loading=\"lazy\" decoding=\"async\" class=\"aligncenter size-large wp-image-63031\" src=\"https:\/\/www.giurgiuveanul.ro\/stiri\/wp-content\/uploads\/2019\/09\/judecatorie-1-765x383-560x280.jpg\" alt=\"judecatorie-1-765x383\" width=\"560\" height=\"280\" srcset=\"https:\/\/www.giurgiuveanul.ro\/stiri\/wp-content\/uploads\/2019\/09\/judecatorie-1-765x383-560x280.jpg 560w, https:\/\/www.giurgiuveanul.ro\/stiri\/wp-content\/uploads\/2019\/09\/judecatorie-1-765x383-250x125.jpg 250w, https:\/\/www.giurgiuveanul.ro\/stiri\/wp-content\/uploads\/2019\/09\/judecatorie-1-765x383-400x200.jpg 400w, https:\/\/www.giurgiuveanul.ro\/stiri\/wp-content\/uploads\/2019\/09\/judecatorie-1-765x383.jpg 765w\" sizes=\"auto, (max-width: 560px) 100vw, 560px\" \/><\/a>\u015eeful Serviciului Public Comunitar Regim Permise de Conducere \u0219i \u00cenmatricularea Vehiculelor (SPCRPCIV) Giurgiu,<!--more--> comisar Mitic\u0103 V\u0103duva, acuzat de s\u0103v\u00e2r\u0219irea a\u00a0zece infrac\u021biuni de luare de mit\u0103, r\u0103m\u00e2ne \u00een arest preventiv urm\u0103toarele 30 de zile, \u00een dosarul \u00een care a fost trimis \u00een judecat\u0103 pentru luare de mit\u0103, au hot\u0103r\u00e2t, ast\u0103zi, magistra\u0163ii Tribunalului Bucure\u015fti.<\/p>\n<p style=\"text-align: justify;\">De asemenea, s-a dispus m\u0103sura arestului la domiciliu fa\u0163\u0103 de inculpatul Mototolea Marin, primarul comunei Valea Dragului, acuzat de s\u0103v\u00e2r\u0219irea a patru infrac\u021biuni de complicitate la luare de mit\u0103.<\/p>\n","protected":false},"excerpt":{"rendered":"<p>\u015eeful Serviciului Public Comunitar Regim Permise de Conducere \u0219i \u00cenmatricularea Vehiculelor (SPCRPCIV) Giurgiu,<\/p>\n","protected":false},"author":1,"featured_media":0,"comment_status":"open","ping_status":"open","sticky":false,"template":"","format":"standard","meta":{"footnotes":""},"categories":[6],"tags":[],"class_list":["post-63030","post","type-post","status-publish","format-standard","hentry","category-breaking-news"],"_links":{"self":[{"href":"https:\/\/www.giurgiuveanul.ro\/stiri\/wp-json\/wp\/v2\/posts\/63030","targetHints":{"allow":["GET"]}}],"collection":[{"href":"https:\/\/www.giurgiuveanul.ro\/stiri\/wp-json\/wp\/v2\/posts"}],"about":[{"href":"https:\/\/www.giurgiuveanul.ro\/stiri\/wp-json\/wp\/v2\/types\/post"}],"author":[{"embeddable":true,"href":"https:\/\/www.giurgiuveanul.ro\/stiri\/wp-json\/wp\/v2\/users\/1"}],"replies":[{"embeddable":true,"href":"https:\/\/www.giurgiuveanul.ro\/stiri\/wp-json\/wp\/v2\/comments?post=63030"}],"version-history":[{"count":0,"href":"https:\/\/www.giurgiuveanul.ro\/stiri\/wp-json\/wp\/v2\/posts\/63030\/revisions"}],"wp:attachment":[{"href":"https:\/\/www.giurgiuveanul.ro\/stiri\/wp-json\/wp\/v2\/media?parent=63030"}],"wp:term":[{"taxonomy":"category","embeddable":true,"href":"https:\/\/www.giurgiuveanul.ro\/stiri\/wp-json\/wp\/v2\/categories?post=63030"},{"taxonomy":"post_tag","embeddable":true,"href":"https:\/\/www.giurgiuveanul.ro\/stiri\/wp-json\/wp\/v2\/tags?post=63030"}],"curies":[{"name":"wp","href":"https:\/\/api.w.org\/{rel}","templated":true}]}}