{"id":63044,"date":"2019-09-22T19:39:42","date_gmt":"2019-09-22T16:39:42","guid":{"rendered":"https:\/\/www.giurgiuveanul.ro\/stiri\/?p=63044"},"modified":"2019-09-22T19:52:57","modified_gmt":"2019-09-22T16:52:57","slug":"fost-gasit-cadavru-in-stare-avansata-de-putrefactie","status":"publish","type":"post","link":"https:\/\/www.giurgiuveanul.ro\/stiri\/fost-gasit-cadavru-in-stare-avansata-de-putrefactie\/","title":{"rendered":"MOARTE SUSPECT\u0102. A fost g\u0103sit un cadavru \u00een stare avansat\u0103 de putrefac\u021bie"},"content":{"rendered":"<p style=\"text-align: justify;\"><strong><a href=\"https:\/\/www.giurgiuveanul.ro\/stiri\/wp-content\/uploads\/2019\/09\/exercitiu-politie-74-1024x571.jpg\"><img loading=\"lazy\" decoding=\"async\" class=\"aligncenter size-large wp-image-63045\" src=\"https:\/\/www.giurgiuveanul.ro\/stiri\/wp-content\/uploads\/2019\/09\/exercitiu-politie-74-1024x571-560x312.jpg\" alt=\"exercitiu-politie-74-1024x571\" width=\"560\" height=\"312\" srcset=\"https:\/\/www.giurgiuveanul.ro\/stiri\/wp-content\/uploads\/2019\/09\/exercitiu-politie-74-1024x571-560x312.jpg 560w, https:\/\/www.giurgiuveanul.ro\/stiri\/wp-content\/uploads\/2019\/09\/exercitiu-politie-74-1024x571-250x139.jpg 250w, https:\/\/www.giurgiuveanul.ro\/stiri\/wp-content\/uploads\/2019\/09\/exercitiu-politie-74-1024x571-400x223.jpg 400w, https:\/\/www.giurgiuveanul.ro\/stiri\/wp-content\/uploads\/2019\/09\/exercitiu-politie-74-1024x571.jpg 1024w\" sizes=\"auto, (max-width: 560px) 100vw, 560px\" \/><\/a>Un cadavru aflat \u00eentr-o stare avansat\u0103 de putrefac\u021bie a fost descoperit \u00een<!--more--> r\u00e2ul C\u00e2lni\u015ftea, la Hulube\u015fti, ast\u0103zi,\u00a0 la ora 17:00. Poli\u021bia a \u00eenceput o anchet\u0103 pentru a stabili identitatea victimei \u0219i condi\u021biile \u00een care a survenit decesul.<\/strong><\/p>\n<p style=\"text-align: justify;\">Cadavrul a fost scos la mal de c\u0103tre pompierii Inspectoratului pentru Situa\u021bii de Urgen\u021b\u0103 Giurgiu \u015fi urmeaz\u0103 a fi transportat la Morga Spitalului Jude\u0163ean de Urgen\u0163\u0103 Giurgiu.<\/p>\n<p style=\"text-align: justify;\"><em>\u201dDeocamdat\u0103, nu se cunoa\u0219te nici m\u0103car identitatea victimei. \u00cen acest caz se desf\u0103\u0219oar\u0103 cercet\u0103ri pentru a se stabili cine este persoana decedat\u0103 \u0219i \u00een ce condi\u021bii \u0219i-a pierdut via\u021ba\u201d,<\/em> a declarat, pentru \u201eGiurgiuveanul\u201d, purt\u0103torul de cuv\u00e2nt al Poli\u021biei Jude\u021bene Giurgiu, <strong>comisar \u015fef Cristian \u015eu\u0163\u0103<\/strong>.<\/p>\n<p style=\"text-align: justify;\">Poli\u021bi\u0219tii giurgiuveni au \u00eentocmit dosar penal \u00een acest caz pentru moarte suspect\u0103.<\/p>\n<p>&nbsp;<\/p>\n","protected":false},"excerpt":{"rendered":"<p>Un cadavru aflat \u00eentr-o stare avansat\u0103 de putrefac\u021bie a fost descoperit \u00een<\/p>\n","protected":false},"author":1,"featured_media":0,"comment_status":"open","ping_status":"open","sticky":false,"template":"","format":"standard","meta":{"footnotes":""},"categories":[6],"tags":[],"class_list":["post-63044","post","type-post","status-publish","format-standard","hentry","category-breaking-news"],"_links":{"self":[{"href":"https:\/\/www.giurgiuveanul.ro\/stiri\/wp-json\/wp\/v2\/posts\/63044","targetHints":{"allow":["GET"]}}],"collection":[{"href":"https:\/\/www.giurgiuveanul.ro\/stiri\/wp-json\/wp\/v2\/posts"}],"about":[{"href":"https:\/\/www.giurgiuveanul.ro\/stiri\/wp-json\/wp\/v2\/types\/post"}],"author":[{"embeddable":true,"href":"https:\/\/www.giurgiuveanul.ro\/stiri\/wp-json\/wp\/v2\/users\/1"}],"replies":[{"embeddable":true,"href":"https:\/\/www.giurgiuveanul.ro\/stiri\/wp-json\/wp\/v2\/comments?post=63044"}],"version-history":[{"count":0,"href":"https:\/\/www.giurgiuveanul.ro\/stiri\/wp-json\/wp\/v2\/posts\/63044\/revisions"}],"wp:attachment":[{"href":"https:\/\/www.giurgiuveanul.ro\/stiri\/wp-json\/wp\/v2\/media?parent=63044"}],"wp:term":[{"taxonomy":"category","embeddable":true,"href":"https:\/\/www.giurgiuveanul.ro\/stiri\/wp-json\/wp\/v2\/categories?post=63044"},{"taxonomy":"post_tag","embeddable":true,"href":"https:\/\/www.giurgiuveanul.ro\/stiri\/wp-json\/wp\/v2\/tags?post=63044"}],"curies":[{"name":"wp","href":"https:\/\/api.w.org\/{rel}","templated":true}]}}