{"id":63054,"date":"2019-09-23T15:23:14","date_gmt":"2019-09-23T12:23:14","guid":{"rendered":"https:\/\/www.giurgiuveanul.ro\/stiri\/?p=63054"},"modified":"2019-09-23T15:23:14","modified_gmt":"2019-09-23T12:23:14","slug":"accident-rutier-produs-pe-dn-5-persoana-murit","status":"publish","type":"post","link":"https:\/\/www.giurgiuveanul.ro\/stiri\/accident-rutier-produs-pe-dn-5-persoana-murit\/","title":{"rendered":"ACCIDENT RUTIER produs pe DN 5, o persoan\u0103 a murit!"},"content":{"rendered":"<p style=\"text-align: justify;\"><strong><a href=\"https:\/\/www.giurgiuveanul.ro\/stiri\/wp-content\/uploads\/2019\/09\/accident-rutier-noaptea.jpg\"><img loading=\"lazy\" decoding=\"async\" class=\"aligncenter size-large wp-image-63055\" src=\"https:\/\/www.giurgiuveanul.ro\/stiri\/wp-content\/uploads\/2019\/09\/accident-rutier-noaptea-560x448.jpg\" alt=\"accident-rutier-noaptea\" width=\"560\" height=\"448\" srcset=\"https:\/\/www.giurgiuveanul.ro\/stiri\/wp-content\/uploads\/2019\/09\/accident-rutier-noaptea-560x448.jpg 560w, https:\/\/www.giurgiuveanul.ro\/stiri\/wp-content\/uploads\/2019\/09\/accident-rutier-noaptea-250x200.jpg 250w, https:\/\/www.giurgiuveanul.ro\/stiri\/wp-content\/uploads\/2019\/09\/accident-rutier-noaptea-400x320.jpg 400w, https:\/\/www.giurgiuveanul.ro\/stiri\/wp-content\/uploads\/2019\/09\/accident-rutier-noaptea.jpg 720w\" sizes=\"auto, (max-width: 560px) 100vw, 560px\" \/><\/a>Tragicul\u00a0eveniment rutier <!--more-->s-a produs asear\u0103, 22 septembrie a.c., la orele 22.45, pe DN 5, la Km 25+700, \u00een afara localit\u0103\u021bii\u00a0 C\u0103lug\u0103reni. <\/strong><\/p>\n<p style=\"text-align: justify;\">Un t\u00e2n\u0103r, de 28 de ani, din municipiul Giurgiu, \u00een timp ce conducea un autoturism, a accidentat un b\u0103rbat, de 52 de ani, din comuna C\u0103lug\u0103reni, jude\u021bul Giurgiu, pieton care se deplasa pe partea carosabil\u0103 \u00eentre banda 1 \u0219i banda 2 a sensului de mers Bucure\u0219ti &#8211; Giurgiu, proiect\u00e2ndu-l pe partea carosabil\u0103.<\/p>\n<p style=\"text-align: justify;\">Ulterior, un alt autoturism condus de c\u0103tre un cet\u0103\u021bean turc, de 55 de ani, a trecut peste pietonul care se afla pe partea carosabil\u0103, p\u0103r\u0103sind locul accidentului f\u0103r\u0103 \u00eencuviin\u021barea organelor de politie, fiind oprit pe D.J. 507 \u00een apropierea Punctului de trecere a frontierei Giurgiu.<\/p>\n<p style=\"text-align: justify;\">\u00cen urma evenimentului rutier, a rezultat decesul pietonului.<\/p>\n<p style=\"text-align: justify;\">Cei doi conduc\u0103tori auto au fost testa\u021bi cu aparatul alcooltest, rezultatele fiind negative \u0219i au fost condu\u0219i la spital pentru recoltarea de probe biologice de s\u00e2nge \u00een vederea stabilirii alcoolemiei.<\/p>\n<p style=\"text-align: justify;\">S-a \u00eentocmit dosar penal \u00een care se efectueaz\u0103 cercet\u0103ri pentru comiterea infrac\u021biunilor de ucidere din culp\u0103 \u0219i p\u0103r\u0103sirea locului accidentului f\u0103r\u0103 \u00eencuviin\u021barea organelor de poli\u021bie.<\/p>\n","protected":false},"excerpt":{"rendered":"<p>Tragicul\u00a0eveniment rutier<\/p>\n","protected":false},"author":1,"featured_media":0,"comment_status":"open","ping_status":"open","sticky":false,"template":"","format":"standard","meta":{"footnotes":""},"categories":[6],"tags":[],"class_list":["post-63054","post","type-post","status-publish","format-standard","hentry","category-breaking-news"],"_links":{"self":[{"href":"https:\/\/www.giurgiuveanul.ro\/stiri\/wp-json\/wp\/v2\/posts\/63054","targetHints":{"allow":["GET"]}}],"collection":[{"href":"https:\/\/www.giurgiuveanul.ro\/stiri\/wp-json\/wp\/v2\/posts"}],"about":[{"href":"https:\/\/www.giurgiuveanul.ro\/stiri\/wp-json\/wp\/v2\/types\/post"}],"author":[{"embeddable":true,"href":"https:\/\/www.giurgiuveanul.ro\/stiri\/wp-json\/wp\/v2\/users\/1"}],"replies":[{"embeddable":true,"href":"https:\/\/www.giurgiuveanul.ro\/stiri\/wp-json\/wp\/v2\/comments?post=63054"}],"version-history":[{"count":0,"href":"https:\/\/www.giurgiuveanul.ro\/stiri\/wp-json\/wp\/v2\/posts\/63054\/revisions"}],"wp:attachment":[{"href":"https:\/\/www.giurgiuveanul.ro\/stiri\/wp-json\/wp\/v2\/media?parent=63054"}],"wp:term":[{"taxonomy":"category","embeddable":true,"href":"https:\/\/www.giurgiuveanul.ro\/stiri\/wp-json\/wp\/v2\/categories?post=63054"},{"taxonomy":"post_tag","embeddable":true,"href":"https:\/\/www.giurgiuveanul.ro\/stiri\/wp-json\/wp\/v2\/tags?post=63054"}],"curies":[{"name":"wp","href":"https:\/\/api.w.org\/{rel}","templated":true}]}}