{"id":63063,"date":"2019-09-24T08:51:05","date_gmt":"2019-09-24T05:51:05","guid":{"rendered":"https:\/\/www.giurgiuveanul.ro\/stiri\/?p=63063"},"modified":"2019-09-24T08:53:40","modified_gmt":"2019-09-24T05:53:40","slug":"accident-rutier-mortal-intre-daita-si-plopsoru-persoana-decedat-foto","status":"publish","type":"post","link":"https:\/\/www.giurgiuveanul.ro\/stiri\/accident-rutier-mortal-intre-daita-si-plopsoru-persoana-decedat-foto\/","title":{"rendered":"ACCIDENT RUTIER MORTAL la D\u0103i\u0163a! O persoan\u0103 a decedat (FOTO)"},"content":{"rendered":"<p style=\"text-align: justify;\"><a href=\"https:\/\/www.giurgiuveanul.ro\/stiri\/wp-content\/uploads\/2019\/09\/71015321_435795037282780_6463100373665054720_n.jpg\"><img loading=\"lazy\" decoding=\"async\" class=\"aligncenter size-large wp-image-63064\" src=\"https:\/\/www.giurgiuveanul.ro\/stiri\/wp-content\/uploads\/2019\/09\/71015321_435795037282780_6463100373665054720_n-560x272.jpg\" alt=\"71015321_435795037282780_6463100373665054720_n\" width=\"560\" height=\"272\" srcset=\"https:\/\/www.giurgiuveanul.ro\/stiri\/wp-content\/uploads\/2019\/09\/71015321_435795037282780_6463100373665054720_n-560x272.jpg 560w, https:\/\/www.giurgiuveanul.ro\/stiri\/wp-content\/uploads\/2019\/09\/71015321_435795037282780_6463100373665054720_n-250x121.jpg 250w, https:\/\/www.giurgiuveanul.ro\/stiri\/wp-content\/uploads\/2019\/09\/71015321_435795037282780_6463100373665054720_n-400x194.jpg 400w, https:\/\/www.giurgiuveanul.ro\/stiri\/wp-content\/uploads\/2019\/09\/71015321_435795037282780_6463100373665054720_n.jpg 1600w\" sizes=\"auto, (max-width: 560px) 100vw, 560px\" \/><\/a>Un accident rutier s-a produs \u00een aceast\u0103 diminea\u0163\u0103, \u00eentre localit\u0103\u0163ile D\u0103i\u0163a \u015fi Plop\u015foru, pe<!--more--> raza comunei Daia, \u00een urma c\u0103ruia o persoan\u0103 a decedat.<\/p>\n<p style=\"text-align: justify;\">Poli\u021bi\u0219tii efectueaz\u0103 cercet\u0103ri la locul accidentului. \u00cen cauz\u0103, s-a \u00eentocmit dosar de cercetare penal\u0103 sub aspectul s\u0103v\u00e2r\u0219irii infrac\u021biunii de ucidere din culp\u0103.<\/p>\n<p style=\"text-align: justify;\">Vom reveni cu am\u0103nunte.<\/p>\n","protected":false},"excerpt":{"rendered":"<p>Un accident rutier s-a produs \u00een aceast\u0103 diminea\u0163\u0103, \u00eentre localit\u0103\u0163ile D\u0103i\u0163a \u015fi Plop\u015foru, pe<\/p>\n","protected":false},"author":1,"featured_media":0,"comment_status":"open","ping_status":"open","sticky":false,"template":"","format":"standard","meta":{"footnotes":""},"categories":[6],"tags":[],"class_list":["post-63063","post","type-post","status-publish","format-standard","hentry","category-breaking-news"],"_links":{"self":[{"href":"https:\/\/www.giurgiuveanul.ro\/stiri\/wp-json\/wp\/v2\/posts\/63063","targetHints":{"allow":["GET"]}}],"collection":[{"href":"https:\/\/www.giurgiuveanul.ro\/stiri\/wp-json\/wp\/v2\/posts"}],"about":[{"href":"https:\/\/www.giurgiuveanul.ro\/stiri\/wp-json\/wp\/v2\/types\/post"}],"author":[{"embeddable":true,"href":"https:\/\/www.giurgiuveanul.ro\/stiri\/wp-json\/wp\/v2\/users\/1"}],"replies":[{"embeddable":true,"href":"https:\/\/www.giurgiuveanul.ro\/stiri\/wp-json\/wp\/v2\/comments?post=63063"}],"version-history":[{"count":0,"href":"https:\/\/www.giurgiuveanul.ro\/stiri\/wp-json\/wp\/v2\/posts\/63063\/revisions"}],"wp:attachment":[{"href":"https:\/\/www.giurgiuveanul.ro\/stiri\/wp-json\/wp\/v2\/media?parent=63063"}],"wp:term":[{"taxonomy":"category","embeddable":true,"href":"https:\/\/www.giurgiuveanul.ro\/stiri\/wp-json\/wp\/v2\/categories?post=63063"},{"taxonomy":"post_tag","embeddable":true,"href":"https:\/\/www.giurgiuveanul.ro\/stiri\/wp-json\/wp\/v2\/tags?post=63063"}],"curies":[{"name":"wp","href":"https:\/\/api.w.org\/{rel}","templated":true}]}}