{"id":63070,"date":"2019-09-24T10:06:58","date_gmt":"2019-09-24T07:06:58","guid":{"rendered":"https:\/\/www.giurgiuveanul.ro\/stiri\/?p=63070"},"modified":"2019-09-24T10:11:57","modified_gmt":"2019-09-24T07:11:57","slug":"politia-si-pompierii-informatii-despre-accidentul-rutier-mortal-din-aceasta-dimineata-foto","status":"publish","type":"post","link":"https:\/\/www.giurgiuveanul.ro\/stiri\/politia-si-pompierii-informatii-despre-accidentul-rutier-mortal-din-aceasta-dimineata-foto\/","title":{"rendered":"Poli\u0163ia \u015fi Pompierii, informa\u0163ii despre ACCIDENTUL RUTIER MORTAL din aceast\u0103 diminea\u0163\u0103 (FOTO)"},"content":{"rendered":"<p style=\"text-align: justify;\"><a href=\"https:\/\/www.giurgiuveanul.ro\/stiri\/wp-content\/uploads\/2019\/09\/71112872_756583828105452_4455999741779509248_n.jpg\"><img loading=\"lazy\" decoding=\"async\" class=\"aligncenter size-large wp-image-63071\" src=\"https:\/\/www.giurgiuveanul.ro\/stiri\/wp-content\/uploads\/2019\/09\/71112872_756583828105452_4455999741779509248_n-560x272.jpg\" alt=\"71112872_756583828105452_4455999741779509248_n\" width=\"560\" height=\"272\" srcset=\"https:\/\/www.giurgiuveanul.ro\/stiri\/wp-content\/uploads\/2019\/09\/71112872_756583828105452_4455999741779509248_n-560x272.jpg 560w, https:\/\/www.giurgiuveanul.ro\/stiri\/wp-content\/uploads\/2019\/09\/71112872_756583828105452_4455999741779509248_n-250x121.jpg 250w, https:\/\/www.giurgiuveanul.ro\/stiri\/wp-content\/uploads\/2019\/09\/71112872_756583828105452_4455999741779509248_n-400x194.jpg 400w, https:\/\/www.giurgiuveanul.ro\/stiri\/wp-content\/uploads\/2019\/09\/71112872_756583828105452_4455999741779509248_n.jpg 1600w\" sizes=\"auto, (max-width: 560px) 100vw, 560px\" \/><\/a>\u00cen acesta diminea\u021ba, \u00een jurul orei 8.00,<!--more--> un b\u0103rbat, de 42 de ani, din municipiul Giurgiu, \u00een timp ce conducea un autoturism, pe DN 41, la km 61+700, \u00een localitatea D\u0103i\u0163a, a acro\u0219at o femeie, de 68 de ani, din comuna Daia, pieton care se deplasa pe marginea p\u0103r\u021bii carosabile, \u00een aceea\u0219i direc\u021bie de mers cu autoturismul. Conduc\u0103torul auto nu a adaptat viteza \u0219i a pierdut controlul direc\u021biei de mers. \u00cen urma evenimentului, a rezultat decesul femeii. Conduc\u0103torul auto a fost testat cu aparatul alcooltest, rezultatul fiind negativ.<\/p>\n<p style=\"text-align: justify;\">S-a \u00eentocmit dosar penal pentru ucidere din culp\u0103.<\/p>\n<p style=\"text-align: justify;\">Potrivit ISU Giurgiu, &#8222;un p<span class=\"_5yl5\">ieton a fost surprins sub autoturism. S-a ac\u021bionat pentru scoaterea victimei, care, dup\u0103 descarcerare, prezenta leziuni incompatibile cu viata. Echipajul SAJ, din p\u0103cate, a constatat decesul victimei. La locul accidentului au ac\u0163ionat pompierii din cadrul Deta\u015famentului Giurgiu&#8221;.\u00a0<\/span><\/p>\n<p style=\"text-align: justify;\"><em><strong>FOTO IPJ Giurgiu<\/strong><\/em><\/p>\n","protected":false},"excerpt":{"rendered":"<p>\u00cen acesta diminea\u021ba, \u00een jurul orei 8.00,<\/p>\n","protected":false},"author":1,"featured_media":0,"comment_status":"open","ping_status":"open","sticky":false,"template":"","format":"standard","meta":{"footnotes":""},"categories":[6],"tags":[],"class_list":["post-63070","post","type-post","status-publish","format-standard","hentry","category-breaking-news"],"_links":{"self":[{"href":"https:\/\/www.giurgiuveanul.ro\/stiri\/wp-json\/wp\/v2\/posts\/63070","targetHints":{"allow":["GET"]}}],"collection":[{"href":"https:\/\/www.giurgiuveanul.ro\/stiri\/wp-json\/wp\/v2\/posts"}],"about":[{"href":"https:\/\/www.giurgiuveanul.ro\/stiri\/wp-json\/wp\/v2\/types\/post"}],"author":[{"embeddable":true,"href":"https:\/\/www.giurgiuveanul.ro\/stiri\/wp-json\/wp\/v2\/users\/1"}],"replies":[{"embeddable":true,"href":"https:\/\/www.giurgiuveanul.ro\/stiri\/wp-json\/wp\/v2\/comments?post=63070"}],"version-history":[{"count":0,"href":"https:\/\/www.giurgiuveanul.ro\/stiri\/wp-json\/wp\/v2\/posts\/63070\/revisions"}],"wp:attachment":[{"href":"https:\/\/www.giurgiuveanul.ro\/stiri\/wp-json\/wp\/v2\/media?parent=63070"}],"wp:term":[{"taxonomy":"category","embeddable":true,"href":"https:\/\/www.giurgiuveanul.ro\/stiri\/wp-json\/wp\/v2\/categories?post=63070"},{"taxonomy":"post_tag","embeddable":true,"href":"https:\/\/www.giurgiuveanul.ro\/stiri\/wp-json\/wp\/v2\/tags?post=63070"}],"curies":[{"name":"wp","href":"https:\/\/api.w.org\/{rel}","templated":true}]}}