{"id":63078,"date":"2019-09-24T17:38:35","date_gmt":"2019-09-24T14:38:35","guid":{"rendered":"https:\/\/www.giurgiuveanul.ro\/stiri\/?p=63078"},"modified":"2019-09-24T17:38:52","modified_gmt":"2019-09-24T14:38:52","slug":"accident-rutier-provocat-de-sofer-care-nu-pastrat-distanta-regulamentara-in-trafic-pe-dn-5","status":"publish","type":"post","link":"https:\/\/www.giurgiuveanul.ro\/stiri\/accident-rutier-provocat-de-sofer-care-nu-pastrat-distanta-regulamentara-in-trafic-pe-dn-5\/","title":{"rendered":"ACCIDENT RUTIER provocat de un \u015fofer care nu a p\u0103strat distan\u0163a regulamentar\u0103 \u00een trafic, pe DN 5!"},"content":{"rendered":"<p style=\"text-align: justify;\"><strong><a href=\"https:\/\/www.giurgiuveanul.ro\/stiri\/wp-content\/uploads\/2019\/09\/accident-rutier.jpg\"><img loading=\"lazy\" decoding=\"async\" class=\"aligncenter size-large wp-image-63079\" src=\"https:\/\/www.giurgiuveanul.ro\/stiri\/wp-content\/uploads\/2019\/09\/accident-rutier-560x374.jpg\" alt=\"accident-rutier\" width=\"560\" height=\"374\" srcset=\"https:\/\/www.giurgiuveanul.ro\/stiri\/wp-content\/uploads\/2019\/09\/accident-rutier-560x374.jpg 560w, https:\/\/www.giurgiuveanul.ro\/stiri\/wp-content\/uploads\/2019\/09\/accident-rutier-250x167.jpg 250w, https:\/\/www.giurgiuveanul.ro\/stiri\/wp-content\/uploads\/2019\/09\/accident-rutier-400x267.jpg 400w, https:\/\/www.giurgiuveanul.ro\/stiri\/wp-content\/uploads\/2019\/09\/accident-rutier.jpg 787w\" sizes=\"auto, (max-width: 560px) 100vw, 560px\" \/><\/a>\u00cenc\u0103 un accident de circula\u021bie s-a produs ast\u0103zi,<!--more--> \u00een jurul orei 10:00, pe drumul care leag\u0103 Giurgiu de Bucure\u015fti.<\/strong><\/p>\n<p style=\"text-align: justify;\">Dou\u0103 ma\u0219ini au fost avariate serios dup\u0103 ce un conduc\u0103tor auto nu a p\u0103strat distan\u021ba regulamentar\u0103 \u00een trafic \u0219i a intrat \u00een coliziune cu un autoturism. Totul ar fi plecat, spune purt\u0103torul de cuv\u00e2nt al IPJ Giurgiu, <strong>Emanuela S\u00e2rbu<\/strong>, de la un conduc\u0103tor auto, bulgar, de 44 de ani, care se deplasa cu o autoutilitar\u0103, dinspre Bucure\u015fti spre Giurgiu. Accidentul s-a produs la km 29.<\/p>\n<p style=\"text-align: justify;\">Fiind r\u0103nit, conduc\u0103torul autoturismului a fost transporatat de un echipaj de la Ambulan\u0163\u0103 la Spitalul Jude\u0163ean de Urgen\u0163\u0103 Giurgiu.<\/p>\n<p style=\"text-align: justify;\">Poli\u021bi\u0219tii de la Rutier\u0103 s-au deplasat la fa\u021ba locului, au deschis un dosar penal pentru v\u0103t\u0103mare corporal\u0103 din culp\u0103, iar \u00een urma cercet\u0103rilor vor stabili cu exactitate \u00eemprejur\u0103rile \u00een care s-a produs accidentul.<\/p>\n<p style=\"text-align: justify;\">Emanuela S\u00e2rbu a mai men\u0163ionat faptul c\u0103 cei doi \u015foferi au fost testa\u0163i cu aparatul etilotest \u015fi s-a constatat c\u0103 nu se aflau sub influen\u0163a alcoolului.<\/p>\n","protected":false},"excerpt":{"rendered":"<p>\u00cenc\u0103 un accident de circula\u021bie s-a produs ast\u0103zi,<\/p>\n","protected":false},"author":1,"featured_media":0,"comment_status":"open","ping_status":"open","sticky":false,"template":"","format":"standard","meta":{"footnotes":""},"categories":[6],"tags":[],"class_list":["post-63078","post","type-post","status-publish","format-standard","hentry","category-breaking-news"],"_links":{"self":[{"href":"https:\/\/www.giurgiuveanul.ro\/stiri\/wp-json\/wp\/v2\/posts\/63078","targetHints":{"allow":["GET"]}}],"collection":[{"href":"https:\/\/www.giurgiuveanul.ro\/stiri\/wp-json\/wp\/v2\/posts"}],"about":[{"href":"https:\/\/www.giurgiuveanul.ro\/stiri\/wp-json\/wp\/v2\/types\/post"}],"author":[{"embeddable":true,"href":"https:\/\/www.giurgiuveanul.ro\/stiri\/wp-json\/wp\/v2\/users\/1"}],"replies":[{"embeddable":true,"href":"https:\/\/www.giurgiuveanul.ro\/stiri\/wp-json\/wp\/v2\/comments?post=63078"}],"version-history":[{"count":0,"href":"https:\/\/www.giurgiuveanul.ro\/stiri\/wp-json\/wp\/v2\/posts\/63078\/revisions"}],"wp:attachment":[{"href":"https:\/\/www.giurgiuveanul.ro\/stiri\/wp-json\/wp\/v2\/media?parent=63078"}],"wp:term":[{"taxonomy":"category","embeddable":true,"href":"https:\/\/www.giurgiuveanul.ro\/stiri\/wp-json\/wp\/v2\/categories?post=63078"},{"taxonomy":"post_tag","embeddable":true,"href":"https:\/\/www.giurgiuveanul.ro\/stiri\/wp-json\/wp\/v2\/tags?post=63078"}],"curies":[{"name":"wp","href":"https:\/\/api.w.org\/{rel}","templated":true}]}}