{"id":63085,"date":"2019-09-24T18:16:43","date_gmt":"2019-09-24T15:16:43","guid":{"rendered":"https:\/\/www.giurgiuveanul.ro\/stiri\/?p=63085"},"modified":"2019-09-24T18:21:44","modified_gmt":"2019-09-24T15:21:44","slug":"atentionare-de-calatorie-emisa-de-ministerul-afacerilor-externe-tornadogenesis-in-grecia","status":"publish","type":"post","link":"https:\/\/www.giurgiuveanul.ro\/stiri\/atentionare-de-calatorie-emisa-de-ministerul-afacerilor-externe-tornadogenesis-in-grecia\/","title":{"rendered":"Aten\u0163ionare de c\u0103l\u0103torie, emis\u0103 de Ministerul Afacerilor Externe: tornadogenesis \u00een Grecia!"},"content":{"rendered":"<p style=\"text-align: justify;\"><a href=\"https:\/\/www.giurgiuveanul.ro\/stiri\/wp-content\/uploads\/2019\/09\/sa-010-1771-l14.jpg\"><img loading=\"lazy\" decoding=\"async\" class=\"aligncenter size-large wp-image-63086\" src=\"https:\/\/www.giurgiuveanul.ro\/stiri\/wp-content\/uploads\/2019\/09\/sa-010-1771-l14-560x315.jpg\" alt=\"sa-010-1771-l14\" width=\"560\" height=\"315\" srcset=\"https:\/\/www.giurgiuveanul.ro\/stiri\/wp-content\/uploads\/2019\/09\/sa-010-1771-l14-560x315.jpg 560w, https:\/\/www.giurgiuveanul.ro\/stiri\/wp-content\/uploads\/2019\/09\/sa-010-1771-l14-250x141.jpg 250w, https:\/\/www.giurgiuveanul.ro\/stiri\/wp-content\/uploads\/2019\/09\/sa-010-1771-l14-400x225.jpg 400w, https:\/\/www.giurgiuveanul.ro\/stiri\/wp-content\/uploads\/2019\/09\/sa-010-1771-l14.jpg 1536w\" sizes=\"auto, (max-width: 560px) 100vw, 560px\" \/><\/a>Ministerul Afacerilor Externe informeaz\u0103 cet\u0103\u021benii rom\u00e2ni care<!--more--> se afl\u0103 sau doresc s\u0103 c\u0103l\u0103toreasc\u0103 \u00een Republica Elen\u0103 c\u0103, <strong>pentru ziua de 24 septembrie 2019<\/strong>, Secretariatul General de Protec\u021bie Civil\u0103 avertizeaz\u0103 \u00een leg\u0103tur\u0103 cu fenomene meteo severe<strong> (tornadogenesis)<\/strong> manifestate prin intensific\u0103ri ale v\u00e2ntului , ploi \u0219i c\u0103deri de grindin\u0103, \u00een partea de vest a \u021b\u0103rii,<strong> \u00een vestul regiunii Peloponez, Insulele Corfu \u0219i Lefkada<\/strong>.<\/p>\n<p style=\"text-align: justify;\">Cet\u0103\u021benii rom\u00e2ni pot solicita asisten\u021b\u0103 consular\u0103 la num\u0103rul de telefon al Ambasadei Rom\u00e2niei \u00een Republica Elen\u0103: <strong>+302106728879<\/strong> \u0219i cel al oficiului consular la Salonic: +302310340088, apelurile fiind redirec\u021bionate c\u0103tre Centrul de Contact \u0219i Suport al Cet\u0103\u021benilor Rom\u00e2ni din Str\u0103in\u0103tate (CCSCR) \u0219i preluate de c\u0103tre operatorii Call Center, \u00een regim de permanen\u021b\u0103. De asemenea, cet\u0103\u021benii rom\u00e2ni care se confrunt\u0103 cu o situa\u021bie cu caracter de urgen\u021b\u0103, au la dispozi\u021bie \u0219i telefonul de permanen\u021b\u0103 al misiunii diplomatice a Rom\u00e2niei la Atena: <strong>+306978996222<\/strong> \u0219i cel al Consulatului General al Rom\u00e2niei la Salonic: <strong>+306906479076<\/strong>.<\/p>\n<p style=\"text-align: justify;\">Ministerul Afacerilor Externe recomand\u0103 consultarea paginilor de Internet\u00a0<a href=\"http:\/\/atena.mae.ro\/\" target=\"_blank\">http:\/\/atena.mae.ro<\/a>,\u00a0<a href=\"http:\/\/salonic.mae.ro\/\" target=\"_blank\">http:\/\/salonic.mae.ro<\/a>,\u00a0<a href=\"https:\/\/infocrisis.gov.gr\/?lang=en\" target=\"_blank\">https:\/\/infocrisis.gov.gr\/?lang=en<\/a>,\u00a0<a href=\"http:\/\/www.meteo.gr\/\" target=\"_blank\">www.meteo.gr<\/a>, pentru situa\u021bii de criz\u0103 pe teritoriul Republicii Elene,\u00a0<a title=\"www.mae.ro\" href=\"http:\/\/www.mae.ro\/\">www.mae.ro<\/a>\u00a0\u0219i reaminte\u0219te faptul c\u0103 cet\u0103\u021benii rom\u00e2ni care c\u0103l\u0103toresc \u00een str\u0103in\u0103tate au la dispozi\u021bie aplica\u021bia \u201eC\u0103l\u0103tore\u0219te \u00een siguran\u021b\u0103\u201d (<a href=\"http:\/\/www.mae.ro\/app_cs\">http:\/\/www.mae.ro\/app_cs<\/a>), care ofer\u0103 informa\u021bii \u0219i sfaturi de c\u0103l\u0103torie.<\/p>\n","protected":false},"excerpt":{"rendered":"<p>Ministerul Afacerilor Externe informeaz\u0103 cet\u0103\u021benii rom\u00e2ni care<\/p>\n","protected":false},"author":1,"featured_media":0,"comment_status":"open","ping_status":"open","sticky":false,"template":"","format":"standard","meta":{"footnotes":""},"categories":[6],"tags":[],"class_list":["post-63085","post","type-post","status-publish","format-standard","hentry","category-breaking-news"],"_links":{"self":[{"href":"https:\/\/www.giurgiuveanul.ro\/stiri\/wp-json\/wp\/v2\/posts\/63085","targetHints":{"allow":["GET"]}}],"collection":[{"href":"https:\/\/www.giurgiuveanul.ro\/stiri\/wp-json\/wp\/v2\/posts"}],"about":[{"href":"https:\/\/www.giurgiuveanul.ro\/stiri\/wp-json\/wp\/v2\/types\/post"}],"author":[{"embeddable":true,"href":"https:\/\/www.giurgiuveanul.ro\/stiri\/wp-json\/wp\/v2\/users\/1"}],"replies":[{"embeddable":true,"href":"https:\/\/www.giurgiuveanul.ro\/stiri\/wp-json\/wp\/v2\/comments?post=63085"}],"version-history":[{"count":0,"href":"https:\/\/www.giurgiuveanul.ro\/stiri\/wp-json\/wp\/v2\/posts\/63085\/revisions"}],"wp:attachment":[{"href":"https:\/\/www.giurgiuveanul.ro\/stiri\/wp-json\/wp\/v2\/media?parent=63085"}],"wp:term":[{"taxonomy":"category","embeddable":true,"href":"https:\/\/www.giurgiuveanul.ro\/stiri\/wp-json\/wp\/v2\/categories?post=63085"},{"taxonomy":"post_tag","embeddable":true,"href":"https:\/\/www.giurgiuveanul.ro\/stiri\/wp-json\/wp\/v2\/tags?post=63085"}],"curies":[{"name":"wp","href":"https:\/\/api.w.org\/{rel}","templated":true}]}}