{"id":63099,"date":"2019-09-25T18:46:09","date_gmt":"2019-09-25T15:46:09","guid":{"rendered":"https:\/\/www.giurgiuveanul.ro\/stiri\/?p=63099"},"modified":"2019-09-25T18:46:09","modified_gmt":"2019-09-25T15:46:09","slug":"sambata-28-septembrie-trafic-restrictionat-in-municipiul-giurgiu","status":"publish","type":"post","link":"https:\/\/www.giurgiuveanul.ro\/stiri\/sambata-28-septembrie-trafic-restrictionat-in-municipiul-giurgiu\/","title":{"rendered":"S\u00e2mb\u0103t\u0103, 28 septembrie: TRAFIC RESTRIC\u0162IONAT \u00een municipiul Giurgiu!"},"content":{"rendered":"<p><a href=\"https:\/\/www.giurgiuveanul.ro\/stiri\/wp-content\/uploads\/2019\/09\/img1.jpg\"><img loading=\"lazy\" decoding=\"async\" class=\"aligncenter size-large wp-image-63100\" src=\"https:\/\/www.giurgiuveanul.ro\/stiri\/wp-content\/uploads\/2019\/09\/img1-560x309.jpg\" alt=\"img\" width=\"560\" height=\"309\" srcset=\"https:\/\/www.giurgiuveanul.ro\/stiri\/wp-content\/uploads\/2019\/09\/img1-560x309.jpg 560w, https:\/\/www.giurgiuveanul.ro\/stiri\/wp-content\/uploads\/2019\/09\/img1-250x138.jpg 250w, https:\/\/www.giurgiuveanul.ro\/stiri\/wp-content\/uploads\/2019\/09\/img1-400x221.jpg 400w, https:\/\/www.giurgiuveanul.ro\/stiri\/wp-content\/uploads\/2019\/09\/img1.jpg 800w\" sizes=\"auto, (max-width: 560px) 100vw, 560px\" \/><\/a>Prim\u0103ria Municipiului Giurgiu anun\u021b\u0103 c\u0103, av\u00e2nd \u00een vedere<!--more--> desf\u0103\u0219urarea competi\u021biei \u201dFree Spirit Run\u201d care este programat\u0103 pentru s\u00e2mb\u0103t\u0103, 28 septembrie 2019, tronsonul de drum <strong>Vam\u0103 &#8211; \u0219os. Pieteniei \u2013 intersec\u021bie Kaufland &#8211; \u0219os. Bucure\u0219ti \u2013 Turnul cu ceas va fi \u00eenchis circula\u021biei rutiere \u00een intervalul orar 11:30-13:00.<\/strong><br \/>\n\u00cen speran\u021ba c\u0103 ve\u021bi \u00een\u021belege situa\u021bia, <strong>v\u0103 rug\u0103m s\u0103 opta\u021bi pentru variantele ocolitoare, respectiv centura nord \u0219i sud a ora\u0219ului<\/strong>.<\/p>\n","protected":false},"excerpt":{"rendered":"<p>Prim\u0103ria Municipiului Giurgiu anun\u021b\u0103 c\u0103, av\u00e2nd \u00een vedere<\/p>\n","protected":false},"author":1,"featured_media":0,"comment_status":"open","ping_status":"open","sticky":false,"template":"","format":"standard","meta":{"footnotes":""},"categories":[6],"tags":[],"class_list":["post-63099","post","type-post","status-publish","format-standard","hentry","category-breaking-news"],"_links":{"self":[{"href":"https:\/\/www.giurgiuveanul.ro\/stiri\/wp-json\/wp\/v2\/posts\/63099","targetHints":{"allow":["GET"]}}],"collection":[{"href":"https:\/\/www.giurgiuveanul.ro\/stiri\/wp-json\/wp\/v2\/posts"}],"about":[{"href":"https:\/\/www.giurgiuveanul.ro\/stiri\/wp-json\/wp\/v2\/types\/post"}],"author":[{"embeddable":true,"href":"https:\/\/www.giurgiuveanul.ro\/stiri\/wp-json\/wp\/v2\/users\/1"}],"replies":[{"embeddable":true,"href":"https:\/\/www.giurgiuveanul.ro\/stiri\/wp-json\/wp\/v2\/comments?post=63099"}],"version-history":[{"count":0,"href":"https:\/\/www.giurgiuveanul.ro\/stiri\/wp-json\/wp\/v2\/posts\/63099\/revisions"}],"wp:attachment":[{"href":"https:\/\/www.giurgiuveanul.ro\/stiri\/wp-json\/wp\/v2\/media?parent=63099"}],"wp:term":[{"taxonomy":"category","embeddable":true,"href":"https:\/\/www.giurgiuveanul.ro\/stiri\/wp-json\/wp\/v2\/categories?post=63099"},{"taxonomy":"post_tag","embeddable":true,"href":"https:\/\/www.giurgiuveanul.ro\/stiri\/wp-json\/wp\/v2\/tags?post=63099"}],"curies":[{"name":"wp","href":"https:\/\/api.w.org\/{rel}","templated":true}]}}