{"id":63117,"date":"2019-09-26T10:01:56","date_gmt":"2019-09-26T07:01:56","guid":{"rendered":"https:\/\/www.giurgiuveanul.ro\/stiri\/?p=63117"},"modified":"2019-09-26T10:15:08","modified_gmt":"2019-09-26T07:15:08","slug":"moarte-suspecta-la-groapa-de-gunoi-barbat-fost-gasit-fara-viata","status":"publish","type":"post","link":"https:\/\/www.giurgiuveanul.ro\/stiri\/moarte-suspecta-la-groapa-de-gunoi-barbat-fost-gasit-fara-viata\/","title":{"rendered":"Moarte suspect\u0103 la groapa de gunoi: Un b\u0103rbat a fost g\u0103sit f\u0103r\u0103 via\u021b\u0103"},"content":{"rendered":"<p style=\"text-align: justify;\"><strong><a href=\"https:\/\/www.giurgiuveanul.ro\/stiri\/wp-content\/uploads\/2019\/09\/crima_1404487525_10942100.jpg\"><img loading=\"lazy\" decoding=\"async\" class=\"aligncenter size-large wp-image-63118\" src=\"https:\/\/www.giurgiuveanul.ro\/stiri\/wp-content\/uploads\/2019\/09\/crima_1404487525_10942100-560x316.jpg\" alt=\"crima_1404487525_10942100\" width=\"560\" height=\"316\" srcset=\"https:\/\/www.giurgiuveanul.ro\/stiri\/wp-content\/uploads\/2019\/09\/crima_1404487525_10942100-560x316.jpg 560w, https:\/\/www.giurgiuveanul.ro\/stiri\/wp-content\/uploads\/2019\/09\/crima_1404487525_10942100-250x141.jpg 250w, https:\/\/www.giurgiuveanul.ro\/stiri\/wp-content\/uploads\/2019\/09\/crima_1404487525_10942100-400x226.jpg 400w, https:\/\/www.giurgiuveanul.ro\/stiri\/wp-content\/uploads\/2019\/09\/crima_1404487525_10942100.jpg 620w\" sizes=\"auto, (max-width: 560px) 100vw, 560px\" \/><\/a>Un b\u0103rbat, \u00een v\u00e2rst\u0103 de<!--more--> 74 de ani, a fost g\u0103sit asear\u0103,la\u00a0groapa de gunoi, \u00een S\u0103b\u0103reni.\u00a0Poli\u0163ia a preluat ancheta \u015fi a deschis dosar penal de moarte suspect\u0103.<\/strong><\/p>\n<p style=\"text-align: justify;\">Medicii de pe Ambulan\u0163\u0103, \u00a0ajun\u015fi la fa\u0163a locului, au declarat decesul.<\/p>\n<p style=\"text-align: justify;\">Cadavrul nu prezenta urme de violen\u0163e, poli\u0163ia a preluat verific\u0103rile, fiind deschis dosar penal de moarte suspect\u0103,\u00a0informeaz\u0103 purt\u0103torul de cuv\u00e2nt al IPJ Giurgiu, Emanuela S\u00e2rbu.<\/p>\n","protected":false},"excerpt":{"rendered":"<p>Un b\u0103rbat, \u00een v\u00e2rst\u0103 de<\/p>\n","protected":false},"author":1,"featured_media":0,"comment_status":"open","ping_status":"open","sticky":false,"template":"","format":"standard","meta":{"footnotes":""},"categories":[6],"tags":[],"class_list":["post-63117","post","type-post","status-publish","format-standard","hentry","category-breaking-news"],"_links":{"self":[{"href":"https:\/\/www.giurgiuveanul.ro\/stiri\/wp-json\/wp\/v2\/posts\/63117","targetHints":{"allow":["GET"]}}],"collection":[{"href":"https:\/\/www.giurgiuveanul.ro\/stiri\/wp-json\/wp\/v2\/posts"}],"about":[{"href":"https:\/\/www.giurgiuveanul.ro\/stiri\/wp-json\/wp\/v2\/types\/post"}],"author":[{"embeddable":true,"href":"https:\/\/www.giurgiuveanul.ro\/stiri\/wp-json\/wp\/v2\/users\/1"}],"replies":[{"embeddable":true,"href":"https:\/\/www.giurgiuveanul.ro\/stiri\/wp-json\/wp\/v2\/comments?post=63117"}],"version-history":[{"count":0,"href":"https:\/\/www.giurgiuveanul.ro\/stiri\/wp-json\/wp\/v2\/posts\/63117\/revisions"}],"wp:attachment":[{"href":"https:\/\/www.giurgiuveanul.ro\/stiri\/wp-json\/wp\/v2\/media?parent=63117"}],"wp:term":[{"taxonomy":"category","embeddable":true,"href":"https:\/\/www.giurgiuveanul.ro\/stiri\/wp-json\/wp\/v2\/categories?post=63117"},{"taxonomy":"post_tag","embeddable":true,"href":"https:\/\/www.giurgiuveanul.ro\/stiri\/wp-json\/wp\/v2\/tags?post=63117"}],"curies":[{"name":"wp","href":"https:\/\/api.w.org\/{rel}","templated":true}]}}