{"id":63121,"date":"2019-09-26T20:24:41","date_gmt":"2019-09-26T17:24:41","guid":{"rendered":"https:\/\/www.giurgiuveanul.ro\/stiri\/?p=63121"},"modified":"2019-09-26T20:38:00","modified_gmt":"2019-09-26T17:38:00","slug":"curent-electric-oprit-vineri-27-septembrie-in-judetul-giurgiu-zonele-vizate-aici","status":"publish","type":"post","link":"https:\/\/www.giurgiuveanul.ro\/stiri\/curent-electric-oprit-vineri-27-septembrie-in-judetul-giurgiu-zonele-vizate-aici\/","title":{"rendered":"Curent electric oprit vineri, 27 septembrie, \u00een jude\u0163ul Giurgiu. Zonele vizate AICI"},"content":{"rendered":"<p><a href=\"https:\/\/www.giurgiuveanul.ro\/stiri\/wp-content\/uploads\/2019\/09\/mioveni-curent.jpg\"><img loading=\"lazy\" decoding=\"async\" class=\"aligncenter size-large wp-image-63122\" src=\"https:\/\/www.giurgiuveanul.ro\/stiri\/wp-content\/uploads\/2019\/09\/mioveni-curent-560x382.jpg\" alt=\"mioveni-curent\" width=\"560\" height=\"382\" srcset=\"https:\/\/www.giurgiuveanul.ro\/stiri\/wp-content\/uploads\/2019\/09\/mioveni-curent-560x382.jpg 560w, https:\/\/www.giurgiuveanul.ro\/stiri\/wp-content\/uploads\/2019\/09\/mioveni-curent-250x171.jpg 250w, https:\/\/www.giurgiuveanul.ro\/stiri\/wp-content\/uploads\/2019\/09\/mioveni-curent-400x273.jpg 400w, https:\/\/www.giurgiuveanul.ro\/stiri\/wp-content\/uploads\/2019\/09\/mioveni-curent.jpg 630w\" sizes=\"auto, (max-width: 560px) 100vw, 560px\" \/><\/a>Pentru<!--more--> lucr\u0103rile anuale de repara\u0163ii \u015fi \u00eentre\u0163inere instala\u0163ii \u015fi re\u0163ele electrice, precum \u015fi posturi de transformare, E-Distribu\u0163ie Muntenia anun\u0163\u0103 \u00eentreruperea furniz\u0103rii energiei electrice, vineri, 27 septembrie 2019, \u00een timpul lucr\u0103rilor dup\u0103 programul indicat mai jos.<\/p>\n<p><strong>\u00centre orele 08:00 \u2013 15:00 \u00een urm\u0103toarele zone:<\/strong><\/p>\n<ul>\n<li>R\u0103le\u015fti<\/li>\n<li>Dr\u0103ghiceanu<\/li>\n<\/ul>\n<p><strong>\u00centre orele 08:00 \u2013 16:00 \u00een urm\u0103toarele zone:<\/strong><\/p>\n<ul>\n<li>G\u0103ujani,<\/li>\n<li>Giurgiu, str. Cire\u015fului<\/li>\n<li>Pietri\u015fu<\/li>\n<\/ul>\n","protected":false},"excerpt":{"rendered":"<p>Pentru<\/p>\n","protected":false},"author":1,"featured_media":0,"comment_status":"open","ping_status":"open","sticky":false,"template":"","format":"standard","meta":{"footnotes":""},"categories":[6],"tags":[],"class_list":["post-63121","post","type-post","status-publish","format-standard","hentry","category-breaking-news"],"_links":{"self":[{"href":"https:\/\/www.giurgiuveanul.ro\/stiri\/wp-json\/wp\/v2\/posts\/63121","targetHints":{"allow":["GET"]}}],"collection":[{"href":"https:\/\/www.giurgiuveanul.ro\/stiri\/wp-json\/wp\/v2\/posts"}],"about":[{"href":"https:\/\/www.giurgiuveanul.ro\/stiri\/wp-json\/wp\/v2\/types\/post"}],"author":[{"embeddable":true,"href":"https:\/\/www.giurgiuveanul.ro\/stiri\/wp-json\/wp\/v2\/users\/1"}],"replies":[{"embeddable":true,"href":"https:\/\/www.giurgiuveanul.ro\/stiri\/wp-json\/wp\/v2\/comments?post=63121"}],"version-history":[{"count":0,"href":"https:\/\/www.giurgiuveanul.ro\/stiri\/wp-json\/wp\/v2\/posts\/63121\/revisions"}],"wp:attachment":[{"href":"https:\/\/www.giurgiuveanul.ro\/stiri\/wp-json\/wp\/v2\/media?parent=63121"}],"wp:term":[{"taxonomy":"category","embeddable":true,"href":"https:\/\/www.giurgiuveanul.ro\/stiri\/wp-json\/wp\/v2\/categories?post=63121"},{"taxonomy":"post_tag","embeddable":true,"href":"https:\/\/www.giurgiuveanul.ro\/stiri\/wp-json\/wp\/v2\/tags?post=63121"}],"curies":[{"name":"wp","href":"https:\/\/api.w.org\/{rel}","templated":true}]}}