{"id":63137,"date":"2019-09-27T10:53:25","date_gmt":"2019-09-27T07:53:25","guid":{"rendered":"https:\/\/www.giurgiuveanul.ro\/stiri\/?p=63137"},"modified":"2019-09-27T10:53:25","modified_gmt":"2019-09-27T07:53:25","slug":"in-trafic-fara-permis-baut-la-volan-si-cu-numere-false-de-inmatriculare","status":"publish","type":"post","link":"https:\/\/www.giurgiuveanul.ro\/stiri\/in-trafic-fara-permis-baut-la-volan-si-cu-numere-false-de-inmatriculare\/","title":{"rendered":"\u00cen trafic&#8230; f\u0103r\u0103 permis, b\u0103ut la volan \u015fi cu numere false de \u00eenmatriculare!"},"content":{"rendered":"<p style=\"text-align: justify;\"><strong><a href=\"https:\/\/www.giurgiuveanul.ro\/stiri\/wp-content\/uploads\/2019\/09\/politia.jpg\"><img loading=\"lazy\" decoding=\"async\" class=\"aligncenter size-large wp-image-63138\" src=\"https:\/\/www.giurgiuveanul.ro\/stiri\/wp-content\/uploads\/2019\/09\/politia-560x280.jpg\" alt=\"politia\" width=\"560\" height=\"280\" srcset=\"https:\/\/www.giurgiuveanul.ro\/stiri\/wp-content\/uploads\/2019\/09\/politia-560x280.jpg 560w, https:\/\/www.giurgiuveanul.ro\/stiri\/wp-content\/uploads\/2019\/09\/politia-250x125.jpg 250w, https:\/\/www.giurgiuveanul.ro\/stiri\/wp-content\/uploads\/2019\/09\/politia-400x200.jpg 400w, https:\/\/www.giurgiuveanul.ro\/stiri\/wp-content\/uploads\/2019\/09\/politia.jpg 765w\" sizes=\"auto, (max-width: 560px) 100vw, 560px\" \/><\/a>Poli\u021bi\u0219tii giurgiuveni cerceteaz\u0103 un b\u0103rbat,<!--more--> de 64 de ani, dup\u0103 ce a fost depistat \u00een trafic \u00een timp ce conducea un autoturism, av\u00e2nd num\u0103rul de \u00eenmatriculare fals \u0219i f\u0103r\u0103 s\u0103 posede permis de conducere.<\/strong><\/p>\n<p style=\"text-align: justify;\">Lucr\u0103tori\u00a0din cadrul Poli\u021biei ora\u0219 Bolintin-Vale au oprit pentru control \u00een localitatea Palanca, jude\u021bul Giurgiu, un autoturism condus de un b\u0103rbat, de 64 de ani, din comuna Flore\u0219ti-Stoene\u0219ti.<\/p>\n<p style=\"text-align: justify;\">\u00cen urma verific\u0103rilor, s-a constatat faptul c\u0103 b\u0103rbatul \u00een cauz\u0103 nu posed\u0103 permis de conducere pentru nicio categorie de vehicule, iar pl\u0103cu\u021bele cu numere de \u00eenmatriculare apar\u021bin altui autoturism.<\/p>\n<p style=\"text-align: justify;\">Fiind testat cu aparatul alcooltest, acesta a indicat valoarea de 0,36 mg\/l alcool pur \u00een aerul expirat.<\/p>\n<p style=\"text-align: justify;\">S-a \u00eentocmit dosar penal pentru s\u0103v\u00e2r\u0219irea infrac\u021biunilor de conducere a unui vehicul f\u0103r\u0103 permis de conducere \u0219i conducere a unui vehicul cu num\u0103rul de \u00eenmatriculare fals.<\/p>\n","protected":false},"excerpt":{"rendered":"<p>Poli\u021bi\u0219tii giurgiuveni cerceteaz\u0103 un b\u0103rbat,<\/p>\n","protected":false},"author":1,"featured_media":0,"comment_status":"open","ping_status":"open","sticky":false,"template":"","format":"standard","meta":{"footnotes":""},"categories":[6],"tags":[],"class_list":["post-63137","post","type-post","status-publish","format-standard","hentry","category-breaking-news"],"_links":{"self":[{"href":"https:\/\/www.giurgiuveanul.ro\/stiri\/wp-json\/wp\/v2\/posts\/63137","targetHints":{"allow":["GET"]}}],"collection":[{"href":"https:\/\/www.giurgiuveanul.ro\/stiri\/wp-json\/wp\/v2\/posts"}],"about":[{"href":"https:\/\/www.giurgiuveanul.ro\/stiri\/wp-json\/wp\/v2\/types\/post"}],"author":[{"embeddable":true,"href":"https:\/\/www.giurgiuveanul.ro\/stiri\/wp-json\/wp\/v2\/users\/1"}],"replies":[{"embeddable":true,"href":"https:\/\/www.giurgiuveanul.ro\/stiri\/wp-json\/wp\/v2\/comments?post=63137"}],"version-history":[{"count":0,"href":"https:\/\/www.giurgiuveanul.ro\/stiri\/wp-json\/wp\/v2\/posts\/63137\/revisions"}],"wp:attachment":[{"href":"https:\/\/www.giurgiuveanul.ro\/stiri\/wp-json\/wp\/v2\/media?parent=63137"}],"wp:term":[{"taxonomy":"category","embeddable":true,"href":"https:\/\/www.giurgiuveanul.ro\/stiri\/wp-json\/wp\/v2\/categories?post=63137"},{"taxonomy":"post_tag","embeddable":true,"href":"https:\/\/www.giurgiuveanul.ro\/stiri\/wp-json\/wp\/v2\/tags?post=63137"}],"curies":[{"name":"wp","href":"https:\/\/api.w.org\/{rel}","templated":true}]}}