{"id":63147,"date":"2019-09-27T17:47:20","date_gmt":"2019-09-27T14:47:20","guid":{"rendered":"https:\/\/www.giurgiuveanul.ro\/stiri\/?p=63147"},"modified":"2019-09-27T17:50:59","modified_gmt":"2019-09-27T14:50:59","slug":"julius-meinl-romania-pe-1-octombrie-poezia-devine-moneda-de-schimb-pentru-cafea-in-giurgiu-participa-singura-cafenea-dalexia-coffee-lounge","status":"publish","type":"post","link":"https:\/\/www.giurgiuveanul.ro\/stiri\/julius-meinl-romania-pe-1-octombrie-poezia-devine-moneda-de-schimb-pentru-cafea-in-giurgiu-participa-singura-cafenea-dalexia-coffee-lounge\/","title":{"rendered":"Julius Meinl Rom\u00e2nia: Pe 1 octombrie, poezia devine moned\u0103 de schimb pentru cafea! \u00cen Giurgiu particip\u0103 o singur\u0103 cafenea: \u201eD&#8217;Alexia Coffee Lounge\u201d"},"content":{"rendered":"<p style=\"text-align: justify;\"><strong><a href=\"https:\/\/www.giurgiuveanul.ro\/stiri\/wp-content\/uploads\/2019\/09\/thumbnail-6.jpg\"><img loading=\"lazy\" decoding=\"async\" class=\"aligncenter size-large wp-image-63148\" src=\"https:\/\/www.giurgiuveanul.ro\/stiri\/wp-content\/uploads\/2019\/09\/thumbnail-6-560x315.jpg\" alt=\"thumbnail (6)\" width=\"560\" height=\"315\" srcset=\"https:\/\/www.giurgiuveanul.ro\/stiri\/wp-content\/uploads\/2019\/09\/thumbnail-6-560x315.jpg 560w, https:\/\/www.giurgiuveanul.ro\/stiri\/wp-content\/uploads\/2019\/09\/thumbnail-6-250x141.jpg 250w, https:\/\/www.giurgiuveanul.ro\/stiri\/wp-content\/uploads\/2019\/09\/thumbnail-6-400x225.jpg 400w, https:\/\/www.giurgiuveanul.ro\/stiri\/wp-content\/uploads\/2019\/09\/thumbnail-6.jpg 820w\" sizes=\"auto, (max-width: 560px) 100vw, 560px\" \/><\/a>Julius Meinl<!--more--> continu\u0103 s\u0103 inspire \u0219i s\u0103 aduc\u0103 poezia \u00een via\u0163a rom\u00e2nilor, astfel c\u0103 pe data de 1 octombrie poezia devine moned\u0103 de schimb pentru cafea sau ceai, \u00een cadrul campaniei \u201eMeet With a Poem\u201d. <\/strong><\/p>\n<p style=\"text-align: justify;\">Evenimentul, aflat la a 5-a edi\u021bie, reune\u0219te aproape<strong> 200 de cafenele \u0219i restaurante din \u00eentreaga \u021bar\u0103<\/strong>, \u00een care timp de o zi, cafeaua \u0219i ceaiul Julius Meinl vor putea fi pl\u0103tite cu o poezie.<\/p>\n<p style=\"text-align: justify;\">De Ziua Interna\u021bional\u0103 a Cafelei, cei care merg \u00een loca\u021biile participante Julius Meinl, al\u0103turi de persoane dragi, sunt provoca\u021bi s\u0103 scrie \u00eempreun\u0103 o poezie cu care \u020b\u015fi pot pl\u0103ti cafeaua sau ceaiul servit.<\/p>\n<p style=\"text-align: justify;\">Julius Meinl \u00eencurajeaz\u0103 \u0219i de data aceasta ca oamenii s\u0103 \u00ee\u0219i ia o pauz\u0103 de poezie: s\u0103 renun\u021be m\u0103car pentru o or\u0103 la telefon sau la orice alt dispozitiv conectat la internet, s\u0103 se lase inspira\u021bi de persoana de l\u00e2ng\u0103 \u0219i s\u0103 reg\u0103seasc\u0103 frumuse\u021bea conversa\u021biei offline.<\/p>\n<p style=\"text-align: justify;\"><em>\u00a0\u201ePetrecem din ce \u00een ce mai mult timp pe Internet \u0219i suntem astfel mai pu\u021bin conecta\u021bi \u00een via\u021ba real\u0103, dilu\u00e2nd u\u015for leg\u0103tura cu oamenii dragi. De\u0219i tehnologia ne ajut\u0103 s\u0103 \u021binem leg\u0103tura cu ace\u015ftia, momentele cele mai frumoase nu sunt atunci c\u00e2nd ne \u201e\u00eent\u00e2lnim\u201d \u00een online, ci atunci c\u00e2nd ne vedem fa\u021b\u0103 \u00een fa\u021b\u0103. Meet With a Poem \u00eei provoac\u0103 pe oameni s\u0103 \u00ee\u0219i lase telefonul deoparte \u0219i s\u0103 se bucure pe deplin de compania unei persoane dragi lor, iar acel moment va fi completat perfect de cafea vienez\u0103 \u0219i poezie\u201d<\/em>, a declarat<strong> M\u0103d\u0103lina Sultan, Marketing Manager Julius Meinl Rom\u00e2nia<\/strong>.<\/p>\n<p style=\"text-align: justify;\"><strong>\u201eMeet With a Poem\u201d <\/strong>este despre \u0219i pentru momentele petrecute al\u0103turi de persoanele importante. Campania \u00ee\u0219i propune s\u0103 inspire oamenii \u0219i s\u0103 \u00eei determine s\u0103 dea glas cuvintelor frumoase, pe care poate c\u0103 nu le spun at\u00e2t de des pe c\u00e2t ar trebui.<\/p>\n<p style=\"text-align: justify;\">Printre ora\u0219ele \u00een care campania va fi activ\u0103 sunt: Bucure\u015fti, Cluj-Napoca, Ia\u015fi, Timi\u015foara, Bra\u015fov, Craiova, Boto\u015fani, Sibiu, Suceava, T\u00e2rgu Mure\u015f. Lista complet\u0103 poate fi consultat\u0103 aici: <a href=\"https:\/\/www.meinlcoffee.com\/ro\/poezie\/evenimente-poetice\/mwap-2019\/#locationmap\">https:\/\/www.meinlcoffee.com\/ro\/poezie\/evenimente-poetice\/mwap-2019\/#locationmap<\/a>.<\/p>\n<p style=\"text-align: justify;\">Campania de anul acesta va culmina \u00eentr-un mod cu totul inedit, la o plimbare special\u0103 cu Tramvaiul Poeziei. \u00cen seara zilei de 1 octombrie, acesta se va transforma \u00eentr-o cafenea mobil\u0103 Julius Meinl \u0219i va circula \u00een regim special prin Bucure\u0219ti. Mai mult dec\u00e2t at\u00e2t, va fi gazda unui moment artistic de excep\u021bie cu muzic\u0103 jazz \u0219i recitare de poezii sus\u021binut de Maria R\u0103ducanu \u0219i Claudiu Komartin.<\/p>\n<p style=\"text-align: justify;\">Locurile sunt limitate, iar persoanele interesate pot afla mai multe detalii \u0219i se pot \u00eenscrie la eveniment aici: <a href=\"https:\/\/www.facebook.com\/events\/2361576763890957\/\">https:\/\/www.facebook.com\/events\/2361576763890957\/<\/a><\/p>\n<p style=\"text-align: justify;\"><strong>Despre Julius Meinl<\/strong><\/p>\n<p style=\"text-align: justify;\">Julius Meinl este o afacere de familie, austriac\u0103, de succes interna\u021bional \u0219i este ambasadorul \u00eendr\u0103gitei Culturi a Cafenelei Vieneze de mai bine de 150 de ani. Succesul global al Julius Meinl se bazeaz\u0103 pe valorile tradi\u021bionale: cinci genera\u021bii de experien\u021b\u0103 \u00een cafea, produse premium \u0219i servicii excelente oferite clien\u021bilor. Julius Meinl inspir\u0103 \u0219i ast\u0103zi oameni din \u00eentreaga lume, la fel cum f\u0103cea cu poe\u021bii de alt\u0103dat\u0103 \u00een cafenelele vieneze. Restaurante \u0219i clien\u021bi din sectorul HoReCa din 70 de \u021b\u0103ri se bazeaz\u0103 pe cafeaua \u0219i ceaiul Julius Meinl. Compania se claseaz\u0103 deja \u00een top 3 m\u0103rci de cafea premium \u00een peste 40 de \u021b\u0103ri, fiind lider de pia\u021b\u0103 \u00een Austria, Rusia \u0219i Dubai.<\/p>\n<p style=\"text-align: justify;\"><strong>\u00a0<\/strong><\/p>\n<p style=\"text-align: justify;\"><strong>Julius Meinl \u00een cifre<\/strong><\/p>\n<ul style=\"text-align: justify;\">\n<li>950 de angaja\u021bi la nivel mondial;<\/li>\n<li>\u00cenfiin\u021bat\u0103 \u00een 1862<\/li>\n<li>Prezen\u021b\u0103 pe pia\u021b\u0103 \u00een peste 70 de \u021b\u0103ri la nivel mondial, dintre care se afl\u0103 \u00een top 3 m\u0103rci de cafea premium \u00een peste 40 dintre acestea;<\/li>\n<li>Lider de pia\u021b\u0103 \u00een Austria, Rusia, \u021b\u0103rile adriatice, CEE, Romania \u0219i Dubai<\/li>\n<li>Aproximativ 50.000 de clien\u021bi la nivel mondial;<\/li>\n<li>Loca\u021bii de produc\u021bie \u00een Viena (Austria) \u0219i Vicenza (Italia);<\/li>\n<li>Cifra de afaceri anual\u0103 \u00een\u00a0<strong>2018: 178,14 milioane de euro<\/strong><\/li>\n<\/ul>\n<p><a href=\"https:\/\/www.giurgiuveanul.ro\/stiri\/wp-content\/uploads\/2019\/09\/29597452_204503803657196_5901126275750531098_n.jpg\"><img loading=\"lazy\" decoding=\"async\" class=\"aligncenter size-large wp-image-63151\" src=\"https:\/\/www.giurgiuveanul.ro\/stiri\/wp-content\/uploads\/2019\/09\/29597452_204503803657196_5901126275750531098_n-560x420.jpg\" alt=\"29597452_204503803657196_5901126275750531098_n\" width=\"560\" height=\"420\" srcset=\"https:\/\/www.giurgiuveanul.ro\/stiri\/wp-content\/uploads\/2019\/09\/29597452_204503803657196_5901126275750531098_n-560x420.jpg 560w, https:\/\/www.giurgiuveanul.ro\/stiri\/wp-content\/uploads\/2019\/09\/29597452_204503803657196_5901126275750531098_n-250x188.jpg 250w, https:\/\/www.giurgiuveanul.ro\/stiri\/wp-content\/uploads\/2019\/09\/29597452_204503803657196_5901126275750531098_n-400x300.jpg 400w, https:\/\/www.giurgiuveanul.ro\/stiri\/wp-content\/uploads\/2019\/09\/29597452_204503803657196_5901126275750531098_n.jpg 960w\" sizes=\"auto, (max-width: 560px) 100vw, 560px\" \/><\/a><\/p>\n<p><a href=\"https:\/\/www.giurgiuveanul.ro\/stiri\/wp-content\/uploads\/2019\/09\/30710939_212193199554923_5230681678699036672_n.jpg\"><img loading=\"lazy\" decoding=\"async\" class=\"aligncenter size-large wp-image-63152\" src=\"https:\/\/www.giurgiuveanul.ro\/stiri\/wp-content\/uploads\/2019\/09\/30710939_212193199554923_5230681678699036672_n-560x373.jpg\" alt=\"30710939_212193199554923_5230681678699036672_n\" width=\"560\" height=\"373\" srcset=\"https:\/\/www.giurgiuveanul.ro\/stiri\/wp-content\/uploads\/2019\/09\/30710939_212193199554923_5230681678699036672_n-560x373.jpg 560w, https:\/\/www.giurgiuveanul.ro\/stiri\/wp-content\/uploads\/2019\/09\/30710939_212193199554923_5230681678699036672_n-250x167.jpg 250w, https:\/\/www.giurgiuveanul.ro\/stiri\/wp-content\/uploads\/2019\/09\/30710939_212193199554923_5230681678699036672_n-400x267.jpg 400w, https:\/\/www.giurgiuveanul.ro\/stiri\/wp-content\/uploads\/2019\/09\/30710939_212193199554923_5230681678699036672_n.jpg 960w\" sizes=\"auto, (max-width: 560px) 100vw, 560px\" \/><\/a><\/p>\n","protected":false},"excerpt":{"rendered":"<p>Julius Meinl<\/p>\n","protected":false},"author":1,"featured_media":0,"comment_status":"open","ping_status":"open","sticky":false,"template":"","format":"standard","meta":{"footnotes":""},"categories":[6],"tags":[],"class_list":["post-63147","post","type-post","status-publish","format-standard","hentry","category-breaking-news"],"_links":{"self":[{"href":"https:\/\/www.giurgiuveanul.ro\/stiri\/wp-json\/wp\/v2\/posts\/63147","targetHints":{"allow":["GET"]}}],"collection":[{"href":"https:\/\/www.giurgiuveanul.ro\/stiri\/wp-json\/wp\/v2\/posts"}],"about":[{"href":"https:\/\/www.giurgiuveanul.ro\/stiri\/wp-json\/wp\/v2\/types\/post"}],"author":[{"embeddable":true,"href":"https:\/\/www.giurgiuveanul.ro\/stiri\/wp-json\/wp\/v2\/users\/1"}],"replies":[{"embeddable":true,"href":"https:\/\/www.giurgiuveanul.ro\/stiri\/wp-json\/wp\/v2\/comments?post=63147"}],"version-history":[{"count":0,"href":"https:\/\/www.giurgiuveanul.ro\/stiri\/wp-json\/wp\/v2\/posts\/63147\/revisions"}],"wp:attachment":[{"href":"https:\/\/www.giurgiuveanul.ro\/stiri\/wp-json\/wp\/v2\/media?parent=63147"}],"wp:term":[{"taxonomy":"category","embeddable":true,"href":"https:\/\/www.giurgiuveanul.ro\/stiri\/wp-json\/wp\/v2\/categories?post=63147"},{"taxonomy":"post_tag","embeddable":true,"href":"https:\/\/www.giurgiuveanul.ro\/stiri\/wp-json\/wp\/v2\/tags?post=63147"}],"curies":[{"name":"wp","href":"https:\/\/api.w.org\/{rel}","templated":true}]}}