{"id":63490,"date":"2019-10-11T17:23:45","date_gmt":"2019-10-11T14:23:45","guid":{"rendered":"https:\/\/www.giurgiuveanul.ro\/stiri\/?p=63490"},"modified":"2019-10-11T17:23:45","modified_gmt":"2019-10-11T14:23:45","slug":"grup-infractional-specializat-in-furtul-de-acumulatori-auto-destructurat-de-politistii-giurgiuveni-trei-persoane-au-fost-arestate","status":"publish","type":"post","link":"https:\/\/www.giurgiuveanul.ro\/stiri\/grup-infractional-specializat-in-furtul-de-acumulatori-auto-destructurat-de-politistii-giurgiuveni-trei-persoane-au-fost-arestate\/","title":{"rendered":"Grup infrac\u021bional specializat \u00een furtul de acumulatori auto, destructurat de poli\u021bi\u0219tii giurgiuveni! Trei persoane au fost arestate!"},"content":{"rendered":"<p style=\"text-align: justify;\"><strong><a href=\"https:\/\/www.giurgiuveanul.ro\/stiri\/wp-content\/uploads\/2019\/10\/catuse-generic-bihoreanul-070519.jpg\"><img loading=\"lazy\" decoding=\"async\" class=\"aligncenter size-large wp-image-63491\" src=\"https:\/\/www.giurgiuveanul.ro\/stiri\/wp-content\/uploads\/2019\/10\/catuse-generic-bihoreanul-070519-560x392.jpg\" alt=\"catuse-generic-bihoreanul-070519\" width=\"560\" height=\"392\" srcset=\"https:\/\/www.giurgiuveanul.ro\/stiri\/wp-content\/uploads\/2019\/10\/catuse-generic-bihoreanul-070519-560x392.jpg 560w, https:\/\/www.giurgiuveanul.ro\/stiri\/wp-content\/uploads\/2019\/10\/catuse-generic-bihoreanul-070519-250x175.jpg 250w, https:\/\/www.giurgiuveanul.ro\/stiri\/wp-content\/uploads\/2019\/10\/catuse-generic-bihoreanul-070519-400x280.jpg 400w, https:\/\/www.giurgiuveanul.ro\/stiri\/wp-content\/uploads\/2019\/10\/catuse-generic-bihoreanul-070519.jpg 800w\" sizes=\"auto, (max-width: 560px) 100vw, 560px\" \/><\/a>\u00cen urma<!--more--> activit\u0103\u021bilor de cercetare-investigare efectuate de poli\u021bi\u0219tii din cadrul Sec\u021biei nr. 1 C\u0103lug\u0103reni, au reu\u0219it documentarea \u00eentregii activit\u0103\u021bi infrac\u021bionale, a unui grup infrac\u021bional care sustr\u0103gea acumulatori auto de pe autovehicule.<\/strong><\/p>\n<p style=\"text-align: justify;\">\u00cen zilele de \u00a008\/09.10.2019 \u0219i 17\/18.10.2019, mai multe persoane necunoscute au sustras mai mul\u021bi acumulatori auto de pe autovehiculele (turisme \u0219i autotrenuri) sta\u021bionate \u00een fa\u021ba propriet\u0103\u021bilor sau chiar \u00een cur\u021bi, cre\u00e2nd un prejudiciu de aproximativ 15.500 lei.<\/p>\n<p style=\"text-align: justify;\">\u00cen urma investiga\u021biilor, s-a stabilit c\u0103 acestea au comis 13 acte materiale de furt calificat pe raza comunelor Mihai Bravu, C\u0103lug\u0103reni, Singureni \u0219i Aduna\u021bii-Cop\u0103ceni, const\u00e2nd \u00een sustragerea de acumulatori auto, prin demontarea bornelor \u0219i \u00eenl\u0103turarea capacelor l\u0103ca\u0219elor special destinate.<\/p>\n<p style=\"text-align: justify;\">Astfel, la data de 10 octombrie a.c., \u00een urma activit\u0103\u021bilor specifice efectuate, poli\u021bi\u0219tii au identificat persoanele \u00een cauz\u0103, ca fiind un b\u0103rbat de 30 de ani, din comuna Vidra, jude\u021bul Ilfov, un t\u00e2n\u0103r de 26 de ani, din municipiul Piatra Neam\u021b, jude\u021bul Neam\u021b, unul de 21 de ani, din comuna Vidra, jude\u021bul Ilfov \u0219i un t\u00e2n\u0103r de 15 ani din aceea\u0219i comun\u0103, pe numele c\u0103rora au fost emise 4 mandate de aducere, ocazie cu care au fost conduse la sediul sec\u021biei, pentru derularea de activit\u0103\u021bi procedurale \u0219i procesuale.<\/p>\n<p style=\"text-align: justify;\">Cu ocazia cercet\u0103rilor efectuate, poli\u021bi\u0219tii s-au deplasat \u00een localitatea Sinte\u0219ti, ocazie cu care au recuperat 10 din cei 20 de acumulatori auto sustra\u0219i, ace\u0219tia fiind restitui\u021bi proprietarilor.<\/p>\n<p style=\"text-align: justify;\">Cu privire la celelalte bunuri sustrase, a fost identificat reprezentantul unui centru de de\u0219euri metalice care a declarat verbal faptul c\u0103 le-ar fi achizi\u021bionat celor 4 persoane, 8 dintre acumulatori pentru 1.200 lei.<\/p>\n<p style=\"text-align: justify;\">De asemenea, s-a procedat la examinarea criminalistic\u0103 a autoturismului cu care acestea se deplasau, constat\u00e2ndu-se c\u0103 prezint\u0103 urme ale transportului de acumulatori. \u00cen interiorul acestuia au fost g\u0103site scule \u0219i unelte cu care acestea demontau bunurile, ocazie cu care au fost ridicate, iar autovehiculul a fost sigilat \u0219i indisponibilizat pentru cercet\u0103ri.<\/p>\n<p style=\"text-align: justify;\">Fa\u021b\u0103 de cele patru persoane a fost dispus\u0103 m\u0103sura re\u021binerii pe o durat\u0103 de 24 de ore.<\/p>\n<p style=\"text-align: justify;\">\u00cen urma administr\u0103rii probatoriului, \u00een data de 10 octombrie a.c., Judec\u0103toria Giurgiu a dispus arestarea preventiv\u0103 pentru 30 de zile, fa\u021b\u0103 de cele trei persoane, ace\u0219tia fiind introdu\u0219i \u00een Centrul de Re\u021binere \u015fi Arest Preventiv din cadrul IPJ Giurgiu, iar fa\u021b\u0103 de t\u00e2n\u0103rul, de 15 ani, a fost dispus\u0103 cercetarea \u00een stare de libertate.<\/p>\n","protected":false},"excerpt":{"rendered":"<p>\u00cen urma<\/p>\n","protected":false},"author":1,"featured_media":0,"comment_status":"open","ping_status":"open","sticky":false,"template":"","format":"standard","meta":{"footnotes":""},"categories":[6],"tags":[],"class_list":["post-63490","post","type-post","status-publish","format-standard","hentry","category-breaking-news"],"_links":{"self":[{"href":"https:\/\/www.giurgiuveanul.ro\/stiri\/wp-json\/wp\/v2\/posts\/63490","targetHints":{"allow":["GET"]}}],"collection":[{"href":"https:\/\/www.giurgiuveanul.ro\/stiri\/wp-json\/wp\/v2\/posts"}],"about":[{"href":"https:\/\/www.giurgiuveanul.ro\/stiri\/wp-json\/wp\/v2\/types\/post"}],"author":[{"embeddable":true,"href":"https:\/\/www.giurgiuveanul.ro\/stiri\/wp-json\/wp\/v2\/users\/1"}],"replies":[{"embeddable":true,"href":"https:\/\/www.giurgiuveanul.ro\/stiri\/wp-json\/wp\/v2\/comments?post=63490"}],"version-history":[{"count":0,"href":"https:\/\/www.giurgiuveanul.ro\/stiri\/wp-json\/wp\/v2\/posts\/63490\/revisions"}],"wp:attachment":[{"href":"https:\/\/www.giurgiuveanul.ro\/stiri\/wp-json\/wp\/v2\/media?parent=63490"}],"wp:term":[{"taxonomy":"category","embeddable":true,"href":"https:\/\/www.giurgiuveanul.ro\/stiri\/wp-json\/wp\/v2\/categories?post=63490"},{"taxonomy":"post_tag","embeddable":true,"href":"https:\/\/www.giurgiuveanul.ro\/stiri\/wp-json\/wp\/v2\/tags?post=63490"}],"curies":[{"name":"wp","href":"https:\/\/api.w.org\/{rel}","templated":true}]}}