{"id":63683,"date":"2019-10-18T09:35:35","date_gmt":"2019-10-18T06:35:35","guid":{"rendered":"https:\/\/www.giurgiuveanul.ro\/stiri\/?p=63683"},"modified":"2019-10-18T09:35:35","modified_gmt":"2019-10-18T06:35:35","slug":"deputatul-de-giurgiu-cristina-elena-dinu-declaratie-de-presa","status":"publish","type":"post","link":"https:\/\/www.giurgiuveanul.ro\/stiri\/deputatul-de-giurgiu-cristina-elena-dinu-declaratie-de-presa\/","title":{"rendered":"Deputatul de Giurgiu, Cristina-Elena Dinu: DECLARA\u021aIE DE PRES\u0102"},"content":{"rendered":"<p style=\"text-align: justify;\"><a href=\"https:\/\/www.giurgiuveanul.ro\/stiri\/wp-content\/uploads\/2019\/10\/72401724_541380986631358_4651803916369920000_n.jpg\"><img loading=\"lazy\" decoding=\"async\" class=\"aligncenter size-large wp-image-63684\" src=\"https:\/\/www.giurgiuveanul.ro\/stiri\/wp-content\/uploads\/2019\/10\/72401724_541380986631358_4651803916369920000_n-416x450.jpg\" alt=\"72401724_541380986631358_4651803916369920000_n\" width=\"416\" height=\"450\" srcset=\"https:\/\/www.giurgiuveanul.ro\/stiri\/wp-content\/uploads\/2019\/10\/72401724_541380986631358_4651803916369920000_n-416x450.jpg 416w, https:\/\/www.giurgiuveanul.ro\/stiri\/wp-content\/uploads\/2019\/10\/72401724_541380986631358_4651803916369920000_n-250x271.jpg 250w, https:\/\/www.giurgiuveanul.ro\/stiri\/wp-content\/uploads\/2019\/10\/72401724_541380986631358_4651803916369920000_n-400x433.jpg 400w, https:\/\/www.giurgiuveanul.ro\/stiri\/wp-content\/uploads\/2019\/10\/72401724_541380986631358_4651803916369920000_n.jpg 887w\" sizes=\"auto, (max-width: 416px) 100vw, 416px\" \/><\/a>Grupurile parlamentare ale<!--more--> PSD nu vor acorda votul de \u00eenvestitur\u0103 pentru noul Guvern, partidelor care au reu\u0219it succesul mo\u021biunii de cenzur\u0103 revenindu-le sarcina de a constitui o majoritate parlamentar\u0103 care s\u0103 sus\u021bin\u0103 viitorul Executiv. Este o decizie logic\u0103 \u0219i fireasc\u0103, deoarece nu putem s\u0103 gir\u0103m un cabinet f\u0103r\u0103 niciun program de guvernare \u0219i f\u0103r\u0103 nicio viziune privind continuarea reformelor din toate domeniile de activitate derulate de Guvernul \u0219i majoritatea parlamentar\u0103 PSD \u00een ultimii trei ani. Sub nicio form\u0103 nu vom vota un Executiv al concedierilor masive, al t\u0103ierilor de pensii \u015fi de salarii \u0219i al sc\u0103derii nivelului de trai al rom\u00e2nilor!<\/p>\n<p style=\"text-align: justify;\">Consider c\u0103 rom\u00e2nii trebuie s\u0103 fie corect informa\u021bi despre mersul lucrurilor de pe scena politic\u0103. Dac\u0103 \u0219i-au imaginat, \u00een mod total eronat, c\u0103 PSD nu mai poate guverna \u021bara, acum este responsabilitatea partidelor care au ini\u0163iat \u015fi au votat mo\u0163iunea de cenzur\u0103 s\u0103 \u00ee\u015fi asigure majoritatea necesar\u0103 pentru a sus\u0163ine un nou Guvern.<\/p>\n<p style=\"text-align: justify;\">Nu va fi \u00eens\u0103 o misiune u\u0219oar\u0103, deoarece, dup\u0103 cum s-a v\u0103zut \u00een ultimele zile, PNL-ul \u015fi alia\u0163ii s\u0103i nu se prea \u00een\u021beleg, nici asupra unei coali\u021bii de guvern\u0103m\u00e2nt, \u0219i nici atunci c\u00e2nd trebuie s\u0103 demonstreze rom\u00e2nilor c\u0103 \u015ftiu s\u0103 \u015fi construiasc\u0103, nu doar s\u0103 distrug\u0103.<\/p>\n<p style=\"text-align: justify;\">Rom\u00e2nia nu se afl\u0103 \u00een stadiul de a fi condus\u0103 prin declara\u0163ii politice sfor\u0103itoare, ci are nevoie de un program de guvernare realist \u0219i sustenabil, sus\u0163inut de o majoritate parlamentar\u0103. Astfel, forma\u021biunile care au dus \u021bara \u00een criza actual\u0103 trebuie s\u0103 demonstreze rom\u00e2nilor c\u0103 pot mai mult dec\u00e2t un vot bazat pe tr\u0103d\u0103ri, a\u0219a cum s-a \u00eent\u00e2mplat la mo\u021biunea de cenzur\u0103, \u0219i c\u0103 se vor\u00a0 mobiliza pentru a-\u015fi asuma responsabilitatea \u00eenvestirii noului Guvern.<\/p>\n<p style=\"text-align: justify;\">Din p\u0103cate, m\u0103surile de guvernare anun\u021bate de PNL, USR \u0219i celelalte partide sunt bazate, conform propriilor declara\u021bii, doar pe t\u0103ieri \u0219i amenin\u021b\u0103ri pentru toate categoriile profesionale. Chiar premierul desemnat de pre\u0219edintele Iohannis a sus\u021binut public concedieri masive, oprirea major\u0103rilor de pensii \u0219i cre\u0219terea semnificativ\u0103 a impozitelor pe salarii, inclusiv \u00een mediul privat \u0219i la IT-i\u0219ti. Al\u021bi frunta\u0219i ai celor ce doresc s\u0103 formeze noul Executiv au anun\u021bat eliminarea voucherelor de vacan\u021b\u0103, a sporurilor \u0219i primelor, impozitarea suplimentar\u0103 a bugetarilor. Mai mult, ei vor \u0219i desfiin\u021barea Programului Na\u021bional de Dezvoltare Local\u0103, prin care, \u00een ultimii ani, mii de localit\u0103\u021bi din Rom\u00e2nia au derulat investi\u021bii extraordinare \u00een infrastructur\u0103 pentru comunit\u0103\u021bile locale, absolut indispensabile oamenilor, precum drumuri, \u0219coli, gr\u0103dini\u021be, alimentare cu ap\u0103 \u0219i sisteme de canalizare.<\/p>\n<p style=\"text-align: justify;\">\u00cen consecin\u021b\u0103, un asemenea nou Guvern nu are cum s\u0103 aduc\u0103 nimic bun rom\u00e2nilor, iar PSD nu \u00eel va gira prin votul s\u0103u!<\/p>\n<p style=\"text-align: justify;\">\n<p style=\"text-align: justify;\">\n<p style=\"text-align: justify;\"><strong>Deputat PSD Cristina-Elena DINU,<\/strong><\/p>\n<p style=\"text-align: justify;\"><strong>Circumscrip\u021bia Electoral\u0103 nr. 19 Giurgiu <\/strong><\/p>\n","protected":false},"excerpt":{"rendered":"<p>Grupurile parlamentare ale<\/p>\n","protected":false},"author":1,"featured_media":0,"comment_status":"open","ping_status":"open","sticky":false,"template":"","format":"standard","meta":{"footnotes":""},"categories":[21],"tags":[],"class_list":["post-63683","post","type-post","status-publish","format-standard","hentry","category-opinia-mea"],"_links":{"self":[{"href":"https:\/\/www.giurgiuveanul.ro\/stiri\/wp-json\/wp\/v2\/posts\/63683","targetHints":{"allow":["GET"]}}],"collection":[{"href":"https:\/\/www.giurgiuveanul.ro\/stiri\/wp-json\/wp\/v2\/posts"}],"about":[{"href":"https:\/\/www.giurgiuveanul.ro\/stiri\/wp-json\/wp\/v2\/types\/post"}],"author":[{"embeddable":true,"href":"https:\/\/www.giurgiuveanul.ro\/stiri\/wp-json\/wp\/v2\/users\/1"}],"replies":[{"embeddable":true,"href":"https:\/\/www.giurgiuveanul.ro\/stiri\/wp-json\/wp\/v2\/comments?post=63683"}],"version-history":[{"count":0,"href":"https:\/\/www.giurgiuveanul.ro\/stiri\/wp-json\/wp\/v2\/posts\/63683\/revisions"}],"wp:attachment":[{"href":"https:\/\/www.giurgiuveanul.ro\/stiri\/wp-json\/wp\/v2\/media?parent=63683"}],"wp:term":[{"taxonomy":"category","embeddable":true,"href":"https:\/\/www.giurgiuveanul.ro\/stiri\/wp-json\/wp\/v2\/categories?post=63683"},{"taxonomy":"post_tag","embeddable":true,"href":"https:\/\/www.giurgiuveanul.ro\/stiri\/wp-json\/wp\/v2\/tags?post=63683"}],"curies":[{"name":"wp","href":"https:\/\/api.w.org\/{rel}","templated":true}]}}