{"id":63692,"date":"2019-10-18T16:15:14","date_gmt":"2019-10-18T13:15:14","guid":{"rendered":"https:\/\/www.giurgiuveanul.ro\/stiri\/?p=63692"},"modified":"2019-10-18T16:15:14","modified_gmt":"2019-10-18T13:15:14","slug":"bursa-locurilor-de-munca-pentru-absolventi-in-judetul-giurgiu-doar-sase-persoane-au-fost-incadrate","status":"publish","type":"post","link":"https:\/\/www.giurgiuveanul.ro\/stiri\/bursa-locurilor-de-munca-pentru-absolventi-in-judetul-giurgiu-doar-sase-persoane-au-fost-incadrate\/","title":{"rendered":"\u201cBursa Locurilor de Munc\u0103 pentru Absolven\u021bi\u201d \u00een jude\u0163ul Giurgiu: doar \u015fase persoane au fost \u00eencadrate!"},"content":{"rendered":"<p style=\"text-align: justify;\"><strong><a href=\"https:\/\/www.giurgiuveanul.ro\/stiri\/wp-content\/uploads\/2019\/10\/bursa-absolventi.jpg\"><img loading=\"lazy\" decoding=\"async\" class=\"aligncenter size-large wp-image-63694\" src=\"https:\/\/www.giurgiuveanul.ro\/stiri\/wp-content\/uploads\/2019\/10\/bursa-absolventi-560x307.jpg\" alt=\"bursa-absolventi\" width=\"560\" height=\"307\" srcset=\"https:\/\/www.giurgiuveanul.ro\/stiri\/wp-content\/uploads\/2019\/10\/bursa-absolventi-560x307.jpg 560w, https:\/\/www.giurgiuveanul.ro\/stiri\/wp-content\/uploads\/2019\/10\/bursa-absolventi-250x137.jpg 250w, https:\/\/www.giurgiuveanul.ro\/stiri\/wp-content\/uploads\/2019\/10\/bursa-absolventi-400x220.jpg 400w, https:\/\/www.giurgiuveanul.ro\/stiri\/wp-content\/uploads\/2019\/10\/bursa-absolventi.jpg 800w\" sizes=\"auto, (max-width: 560px) 100vw, 560px\" \/><\/a>Ast\u0103zi,\u00a018 octombrie 2019,<!--more--> a fost organizat\u0103, la nivel national, Bursa\u00a0 Locurilor de Munc\u0103 pentru Absolven\u021bi. \u00cen jude\u021bul Giurgiu, bursa s-a desf\u0103\u0219urat , \u00eencep\u00e2nd cu\u00a0 ora 9.00, \u00een municipiul Giurgiu &#8211; incinta Restaurantului Dana V \u0219i \u00een ora\u0219ul Bolintin Vale, la sediul Bibliotecii\u00a0 din localitate.<\/strong><\/p>\n<p style=\"text-align: justify;\">Evenimentul a avut ca obiectiv principal cre\u015fterea gradului de ocupare, prin corelarea cererii cu oferta de locuri de munc\u0103, exist\u00e2nd posibilitatea interac\u0163iunii directe dintre angajator \u015fi solicitantul locului de munc\u0103.<\/p>\n<p style=\"text-align: justify;\">In ziua bursei, au fost prezen\u021bi un num\u0103r de 44 agen\u021bi economici care au\u00a0 oferit\u00a0 418 locuri de munc\u0103 vacante, principalele domenii de activitate \u00een care au fost oferite locuri de munc\u0103 vacante fiind: construc\u021bii, industria confec\u021biilor, industria alimentar\u0103, servicii, comer\u021b, asigur\u0103ri, construc\u021bii nave, produc\u021bia altor metale neferoase.<\/p>\n<p style=\"text-align: justify;\">De asemenea, au participat un num\u0103r de 168 persoane aflate \u00een c\u0103utarea unui loc de munc\u0103, din care 149 absolven\u021bi ai institu\u021biilor de \u00eenv\u0103\u021b\u0103m\u00e2nt. In urma contactului direct cu angajatorii au fost preselecta\u021bi \u00een vederea sus\u021binerii de probe de lucru sau interviuri la sediul firmelor, un num\u0103r de 53\u00a0 absolven\u021bi \u0219i 14\u00a0 alte categorii de persoane, iar <strong>\u015fase persoane au fost \u00eencadrate \u00een ziua bursei<\/strong>.<\/p>\n<p style=\"text-align: justify;\">La aceast\u0103 ac\u021biune au fost prezen\u021bi reprezentan\u021bi ai: \u00a0Inspectoratului Jude\u021bean pentru Situa\u021bii de Urgent\u0103 ,,Vlasca\u201d Giurgiu, Centrul Militar al jude\u021bului Giurgiu \u0219i Inspectoratul Jude\u021bean de Jandarmi Giurgiu\u00a0 care \u00a0au promovat, \u00een randul persoanelor aflate \u00een c\u0103utarea unui loc de munc\u0103, oferta privind \u00eenscrierea la \u0219colile de ofi\u021beri \u0219i subofi\u021beri .<\/p>\n<p style=\"text-align: justify;\">De asemenea, au mai participat reprezentan\u021bi ai Penitenciarului Giurgiu\u00a0 \u00eempreun\u0103 cu 10 de\u021binu\u021bi \u00een regim deschis \u00een vederea identific\u0103rii potentialilor angajatori, precum \u0219i repezentan\u021bi ai Centrului Regional de Integrare \u2013 IGI Giurgiu \u00eempreun\u0103 cu persoane cu drept de munc\u0103 din centru, \u00een vederea identific\u0103rii de angajatori interesa\u021bi s\u0103 \u00eencadreze \u00een munc\u0103 aceasta categorie de persoane.<\/p>\n<p style=\"text-align: justify;\">De\u0219i locurile de munc\u0103 vacante oferite de angajatori pentru persoanele aflate \u00een c\u0103utarea unui loc de munc\u0103 au fost numeroase \u0219i diversificate, interesul manifestat de c\u0103tre persoanele f\u0103r\u0103 loc de munc\u0103 din jude\u021bul Giurgiu a fost foarte sc\u0103zut, interes sc\u0103zut \u00eenregistrat \u0219i \u00een anul precedent, cei prezen\u021bi fiind dezinteresati \u00een a face demersuri la angajatori pentru a se integra pe piata muncii.<\/p>\n<p style=\"text-align: justify;\">\n<p style=\"text-align: center;\"><strong><em>\u00a0BIROUL DE PRES\u0102 AL AJOFM GIURGIU<\/em><\/strong><\/p>\n","protected":false},"excerpt":{"rendered":"<p>Ast\u0103zi,\u00a018 octombrie 2019,<\/p>\n","protected":false},"author":1,"featured_media":0,"comment_status":"open","ping_status":"open","sticky":false,"template":"","format":"standard","meta":{"footnotes":""},"categories":[6],"tags":[],"class_list":["post-63692","post","type-post","status-publish","format-standard","hentry","category-breaking-news"],"_links":{"self":[{"href":"https:\/\/www.giurgiuveanul.ro\/stiri\/wp-json\/wp\/v2\/posts\/63692","targetHints":{"allow":["GET"]}}],"collection":[{"href":"https:\/\/www.giurgiuveanul.ro\/stiri\/wp-json\/wp\/v2\/posts"}],"about":[{"href":"https:\/\/www.giurgiuveanul.ro\/stiri\/wp-json\/wp\/v2\/types\/post"}],"author":[{"embeddable":true,"href":"https:\/\/www.giurgiuveanul.ro\/stiri\/wp-json\/wp\/v2\/users\/1"}],"replies":[{"embeddable":true,"href":"https:\/\/www.giurgiuveanul.ro\/stiri\/wp-json\/wp\/v2\/comments?post=63692"}],"version-history":[{"count":0,"href":"https:\/\/www.giurgiuveanul.ro\/stiri\/wp-json\/wp\/v2\/posts\/63692\/revisions"}],"wp:attachment":[{"href":"https:\/\/www.giurgiuveanul.ro\/stiri\/wp-json\/wp\/v2\/media?parent=63692"}],"wp:term":[{"taxonomy":"category","embeddable":true,"href":"https:\/\/www.giurgiuveanul.ro\/stiri\/wp-json\/wp\/v2\/categories?post=63692"},{"taxonomy":"post_tag","embeddable":true,"href":"https:\/\/www.giurgiuveanul.ro\/stiri\/wp-json\/wp\/v2\/tags?post=63692"}],"curies":[{"name":"wp","href":"https:\/\/api.w.org\/{rel}","templated":true}]}}