{"id":63726,"date":"2019-10-20T11:35:03","date_gmt":"2019-10-20T08:35:03","guid":{"rendered":"https:\/\/www.giurgiuveanul.ro\/stiri\/?p=63726"},"modified":"2019-10-20T11:35:03","modified_gmt":"2019-10-20T08:35:03","slug":"prognoza-meteo-cum-va-fi-iarna-2019-2020","status":"publish","type":"post","link":"https:\/\/www.giurgiuveanul.ro\/stiri\/prognoza-meteo-cum-va-fi-iarna-2019-2020\/","title":{"rendered":"PROGNOZ\u0102 METEO. Cum va fi iarna 2019-2020"},"content":{"rendered":"<p style=\"text-align: justify;\"><a href=\"https:\/\/www.giurgiuveanul.ro\/stiri\/wp-content\/uploads\/2019\/10\/IMG_9431.jpg\"><img loading=\"lazy\" decoding=\"async\" class=\"aligncenter size-large wp-image-63727\" src=\"https:\/\/www.giurgiuveanul.ro\/stiri\/wp-content\/uploads\/2019\/10\/IMG_9431-560x373.jpg\" alt=\"IMG_9431\" width=\"560\" height=\"373\" srcset=\"https:\/\/www.giurgiuveanul.ro\/stiri\/wp-content\/uploads\/2019\/10\/IMG_9431-560x373.jpg 560w, https:\/\/www.giurgiuveanul.ro\/stiri\/wp-content\/uploads\/2019\/10\/IMG_9431-250x167.jpg 250w, https:\/\/www.giurgiuveanul.ro\/stiri\/wp-content\/uploads\/2019\/10\/IMG_9431-400x267.jpg 400w, https:\/\/www.giurgiuveanul.ro\/stiri\/wp-content\/uploads\/2019\/10\/IMG_9431.jpg 800w\" sizes=\"auto, (max-width: 560px) 100vw, 560px\" \/><\/a>Elena Mateescu, director general al ANM,<!--more--> a vorbit, \u00een cadrul dezbaterii &#8222;Schimb\u0103rile climatice \u0219i impactul \u00een economie&#8221;, despre schimb\u0103rile care se vor produce \u00een Rom\u00e2nia \u00een urm\u0103toarele decenii, at\u00e2t din punctul de vedere al temperaturilor, c\u00e2t \u015fi al precipita\u0163iilor.<\/p>\n<p style=\"text-align: justify;\">\u00cen ceea ce prive\u015fte iarna, detalii vor putea fi spuse \u00een noiembrie, dar meteorlogii europeni deja sus\u0163in\u0103 c\u0103 <strong>iarna 2019-2020 va fi una dintre cele mai grele din ultimele decenii<\/strong>, scrie romaniatv.net.<\/p>\n<div style=\"text-align: justify;\">Potrivit meteorologilor de la accuweather.com, iarna pare s\u0103 vin\u0103 devreme dec\u00e2t ne-am fi a\u0219teptat, deoarece primele temperaturi cu minus pe timpul nop\u021bii se \u00eenregistreaz\u0103 la finalul lunii noiembrie 2019, ultima lun\u0103 de toamn\u0103.<\/div>\n<div style=\"text-align: justify;\"><em>\u201dLa nivelul celor trei luni se discut\u0103 despre posibilitate ca fenomene mai severe s\u0103 apar\u0103 \u00een a doua parte a iernii, iar pe ansamblul ei, cel pu\u0163in \u00een Europa Central\u0103 \u015fi de Est, s\u0103 fie u\u015for mai cald\u0103 dec\u00e2t ar fi firesc. E un semnal care trebuie luat cu foarte mare re\u0163inere pentru c\u0103 aceast\u0103 circula\u0163ie la scar\u0103 mare induce o incertitudine destul de mare \u00een estim\u0103rile de durat\u0103 lung\u0103\u201d<\/em>, a ad\u0103ugat directorul ANM, la acea vreme.<\/div>\n<div style=\"text-align: justify;\">\u00cen Europa, meteorologii avertizeaz\u0103 c\u0103 temperaturile vor sc\u0103dea cu mult sub temperatura de \u00eenghe\u021b.<\/div>\n<div style=\"text-align: justify;\">Potrivit prognozei avansate, iarna \u00een perioada ianuarie-februarie 2020 ar putea fi cea de-a \u0219aptea cea mai rece iarn\u0103 din ultimii 30 de ani. Speciali\u015ftii prezic c\u0103 iarna care urneaz\u0103 va fi mai grea dec\u00e2t cea din 2018.<\/div>\n","protected":false},"excerpt":{"rendered":"<p>Elena Mateescu, director general al ANM,<\/p>\n","protected":false},"author":1,"featured_media":0,"comment_status":"open","ping_status":"open","sticky":false,"template":"","format":"standard","meta":{"footnotes":""},"categories":[6],"tags":[],"class_list":["post-63726","post","type-post","status-publish","format-standard","hentry","category-breaking-news"],"_links":{"self":[{"href":"https:\/\/www.giurgiuveanul.ro\/stiri\/wp-json\/wp\/v2\/posts\/63726","targetHints":{"allow":["GET"]}}],"collection":[{"href":"https:\/\/www.giurgiuveanul.ro\/stiri\/wp-json\/wp\/v2\/posts"}],"about":[{"href":"https:\/\/www.giurgiuveanul.ro\/stiri\/wp-json\/wp\/v2\/types\/post"}],"author":[{"embeddable":true,"href":"https:\/\/www.giurgiuveanul.ro\/stiri\/wp-json\/wp\/v2\/users\/1"}],"replies":[{"embeddable":true,"href":"https:\/\/www.giurgiuveanul.ro\/stiri\/wp-json\/wp\/v2\/comments?post=63726"}],"version-history":[{"count":0,"href":"https:\/\/www.giurgiuveanul.ro\/stiri\/wp-json\/wp\/v2\/posts\/63726\/revisions"}],"wp:attachment":[{"href":"https:\/\/www.giurgiuveanul.ro\/stiri\/wp-json\/wp\/v2\/media?parent=63726"}],"wp:term":[{"taxonomy":"category","embeddable":true,"href":"https:\/\/www.giurgiuveanul.ro\/stiri\/wp-json\/wp\/v2\/categories?post=63726"},{"taxonomy":"post_tag","embeddable":true,"href":"https:\/\/www.giurgiuveanul.ro\/stiri\/wp-json\/wp\/v2\/tags?post=63726"}],"curies":[{"name":"wp","href":"https:\/\/api.w.org\/{rel}","templated":true}]}}