{"id":63729,"date":"2019-10-20T21:11:24","date_gmt":"2019-10-20T18:11:24","guid":{"rendered":"https:\/\/www.giurgiuveanul.ro\/stiri\/?p=63729"},"modified":"2019-10-20T21:11:24","modified_gmt":"2019-10-20T18:11:24","slug":"avion-usor-aterizat-fortat-pe-teren-arabil-in-judetul-giurgiu-foto","status":"publish","type":"post","link":"https:\/\/www.giurgiuveanul.ro\/stiri\/avion-usor-aterizat-fortat-pe-teren-arabil-in-judetul-giurgiu-foto\/","title":{"rendered":"Un avion u\u015for a aterizat for\u0163at pe un teren arabil, \u00een jude\u0163ul Giurgiu! (FOTO)"},"content":{"rendered":"<p style=\"text-align: justify;\"><a href=\"https:\/\/www.giurgiuveanul.ro\/stiri\/wp-content\/uploads\/2019\/10\/72775457_1361028870719237_1080547547572862976_n.jpg\"><img loading=\"lazy\" decoding=\"async\" class=\"aligncenter size-large wp-image-63730\" src=\"https:\/\/www.giurgiuveanul.ro\/stiri\/wp-content\/uploads\/2019\/10\/72775457_1361028870719237_1080547547572862976_n-338x450.jpg\" alt=\"72775457_1361028870719237_1080547547572862976_n\" width=\"338\" height=\"450\" srcset=\"https:\/\/www.giurgiuveanul.ro\/stiri\/wp-content\/uploads\/2019\/10\/72775457_1361028870719237_1080547547572862976_n-338x450.jpg 338w, https:\/\/www.giurgiuveanul.ro\/stiri\/wp-content\/uploads\/2019\/10\/72775457_1361028870719237_1080547547572862976_n-225x300.jpg 225w, https:\/\/www.giurgiuveanul.ro\/stiri\/wp-content\/uploads\/2019\/10\/72775457_1361028870719237_1080547547572862976_n-400x533.jpg 400w, https:\/\/www.giurgiuveanul.ro\/stiri\/wp-content\/uploads\/2019\/10\/72775457_1361028870719237_1080547547572862976_n.jpg 1200w\" sizes=\"auto, (max-width: 338px) 100vw, 338px\" \/><\/a>Ast\u0103zi, \u00een jurul orelor<!--more--> 18.00, ISU GIURGIU a fost solicitat pentru a interveni \u00een apropiere de A1, km 42, sens de mers c\u0103tre Bucuresti, la un accident \u00een care a fost implicat un avion <em>(din primele informa\u021bii primite de la apelant, participant la trafic)<\/em>. Dup\u0103 sosirea echipajelor la fata locului s-a constatat ca era vorba despre un avion usor, de dou\u0103 persoane, \u00een care se afla doar pilotul si care, din cauza faptului c\u0103 motorul acestuia s-a defectat \u00een mers, pilotul a fost nevoit s\u0103 aterizeze fortat pe un teren arabil.<\/p>\n<p style=\"text-align: justify;\">Din fericire, pilotul nu a p\u0103\u021bit nimic in timpul manevrelor de aterizare for\u021bat\u0103, doar avionul suferind avarii la trenul de aterizare, elice si aripa dreapta.<\/p>\n<p style=\"text-align: justify;\"><a href=\"https:\/\/www.giurgiuveanul.ro\/stiri\/wp-content\/uploads\/2019\/10\/72891062_1356758114480924_1348070984447426560_n.jpg\"><img loading=\"lazy\" decoding=\"async\" class=\"aligncenter size-large wp-image-63731\" src=\"https:\/\/www.giurgiuveanul.ro\/stiri\/wp-content\/uploads\/2019\/10\/72891062_1356758114480924_1348070984447426560_n-338x450.jpg\" alt=\"72891062_1356758114480924_1348070984447426560_n\" width=\"338\" height=\"450\" srcset=\"https:\/\/www.giurgiuveanul.ro\/stiri\/wp-content\/uploads\/2019\/10\/72891062_1356758114480924_1348070984447426560_n-338x450.jpg 338w, https:\/\/www.giurgiuveanul.ro\/stiri\/wp-content\/uploads\/2019\/10\/72891062_1356758114480924_1348070984447426560_n-225x300.jpg 225w, https:\/\/www.giurgiuveanul.ro\/stiri\/wp-content\/uploads\/2019\/10\/72891062_1356758114480924_1348070984447426560_n-400x533.jpg 400w, https:\/\/www.giurgiuveanul.ro\/stiri\/wp-content\/uploads\/2019\/10\/72891062_1356758114480924_1348070984447426560_n.jpg 1200w\" sizes=\"auto, (max-width: 338px) 100vw, 338px\" \/><\/a><\/p>\n<p style=\"text-align: justify;\">La fa\u021ba locului s-au deplasat un ASAS si un echipaj SMURD din cadrul Deta\u0219amentului de pompieri Bolintin Deal si elicopterul SMURD, f\u0103r\u0103 a fi nevoie de interven\u021bia niciunui echipaj.<\/p>\n","protected":false},"excerpt":{"rendered":"<p>Ast\u0103zi, \u00een jurul orelor<\/p>\n","protected":false},"author":1,"featured_media":0,"comment_status":"open","ping_status":"open","sticky":false,"template":"","format":"standard","meta":{"footnotes":""},"categories":[6],"tags":[],"class_list":["post-63729","post","type-post","status-publish","format-standard","hentry","category-breaking-news"],"_links":{"self":[{"href":"https:\/\/www.giurgiuveanul.ro\/stiri\/wp-json\/wp\/v2\/posts\/63729","targetHints":{"allow":["GET"]}}],"collection":[{"href":"https:\/\/www.giurgiuveanul.ro\/stiri\/wp-json\/wp\/v2\/posts"}],"about":[{"href":"https:\/\/www.giurgiuveanul.ro\/stiri\/wp-json\/wp\/v2\/types\/post"}],"author":[{"embeddable":true,"href":"https:\/\/www.giurgiuveanul.ro\/stiri\/wp-json\/wp\/v2\/users\/1"}],"replies":[{"embeddable":true,"href":"https:\/\/www.giurgiuveanul.ro\/stiri\/wp-json\/wp\/v2\/comments?post=63729"}],"version-history":[{"count":0,"href":"https:\/\/www.giurgiuveanul.ro\/stiri\/wp-json\/wp\/v2\/posts\/63729\/revisions"}],"wp:attachment":[{"href":"https:\/\/www.giurgiuveanul.ro\/stiri\/wp-json\/wp\/v2\/media?parent=63729"}],"wp:term":[{"taxonomy":"category","embeddable":true,"href":"https:\/\/www.giurgiuveanul.ro\/stiri\/wp-json\/wp\/v2\/categories?post=63729"},{"taxonomy":"post_tag","embeddable":true,"href":"https:\/\/www.giurgiuveanul.ro\/stiri\/wp-json\/wp\/v2\/tags?post=63729"}],"curies":[{"name":"wp","href":"https:\/\/api.w.org\/{rel}","templated":true}]}}