{"id":63733,"date":"2019-10-21T10:53:43","date_gmt":"2019-10-21T07:53:43","guid":{"rendered":"https:\/\/www.giurgiuveanul.ro\/stiri\/?p=63733"},"modified":"2019-10-21T10:53:43","modified_gmt":"2019-10-21T07:53:43","slug":"bani-din-fondul-de-rezerva-bugetara-aflat-la-dispozitia-guvernului-pentru-municipiul-giurgiu-si-comuna-toporu","status":"publish","type":"post","link":"https:\/\/www.giurgiuveanul.ro\/stiri\/bani-din-fondul-de-rezerva-bugetara-aflat-la-dispozitia-guvernului-pentru-municipiul-giurgiu-si-comuna-toporu\/","title":{"rendered":"Bani din fondul de rezerv\u0103 bugetar\u0103 aflat la dispozi\u0163ia Guvernului&#8230; pentru municipiul Giurgiu \u015fi comuna Toporu!"},"content":{"rendered":"<p style=\"text-align: justify;\"><strong><a href=\"https:\/\/www.giurgiuveanul.ro\/stiri\/wp-content\/uploads\/2019\/10\/image-2019-09-11-23363222-70-sedinta-guvern.jpg\"><img loading=\"lazy\" decoding=\"async\" class=\"aligncenter size-large wp-image-63734\" src=\"https:\/\/www.giurgiuveanul.ro\/stiri\/wp-content\/uploads\/2019\/10\/image-2019-09-11-23363222-70-sedinta-guvern-560x373.jpg\" alt=\"image-2019-09-11-23363222-70-sedinta-guvern\" width=\"560\" height=\"373\" srcset=\"https:\/\/www.giurgiuveanul.ro\/stiri\/wp-content\/uploads\/2019\/10\/image-2019-09-11-23363222-70-sedinta-guvern-560x373.jpg 560w, https:\/\/www.giurgiuveanul.ro\/stiri\/wp-content\/uploads\/2019\/10\/image-2019-09-11-23363222-70-sedinta-guvern-250x167.jpg 250w, https:\/\/www.giurgiuveanul.ro\/stiri\/wp-content\/uploads\/2019\/10\/image-2019-09-11-23363222-70-sedinta-guvern-400x267.jpg 400w, https:\/\/www.giurgiuveanul.ro\/stiri\/wp-content\/uploads\/2019\/10\/image-2019-09-11-23363222-70-sedinta-guvern.jpg 900w\" sizes=\"auto, (max-width: 560px) 100vw, 560px\" \/><\/a>Executivul a aprobat, recent, alocarea a<!--more--> peste 100 milioane de lei, din fondul de rezerv\u0103 al bugetului pentru sistemul termic \u00een Bucure\u015fti, Giurgiu \u015fi Buz\u0103u, a anun\u0163at, luni la finalul \u015fedin\u0163ei de Guvern, Nelu Barbu.<\/strong><\/p>\n<p style=\"text-align: justify;\"><em>\u201eAlte acte normative pe lista Guvernului, la propunerea Ministerului Dezvolt\u0103rii Regionale \u015fi Administra\u0163iei Publice, Guvernul a aprobat alocarea unei sume din fondul de rezerv\u0103 bugetar\u0103 aflat la dispozi\u0163ia Guvernului, prev\u0103zut \u00een bugetul de stat pe anul 2019, pentru unele unit\u0103\u0163i administrativ teritoriale, \u00een vederea asigur\u0103rii continuit\u0103\u0163ii serviciului public de alimentare cu energie termic\u0103 \u00een sistem centralizat, popula\u0163iei. Este vorba despre suma de 100 de milioane de lei pentru Bucure\u015fti, 16,5 milioane de lei pentru Buz\u0103u \u015fi pentru Giurgiu\u201d,<\/em> a declarat Nelu Barbu, luni, la finalul \u015fedin\u0163ei Executivului.<\/p>\n<p style=\"text-align: justify;\"><em>\u201eTot \u00een \u015fedin\u0163a de Guvern, la propunerea Ministerului Dezvolt\u0103rii, a fost aprobat\u0103 alocarea unei sume din fondul de rezerv\u0103 bgetar\u0103, pentru comuna Toporu, din jude\u0163ul Giurgiu, 1,5 milioane de lei, bani necesari pentru continuarea unui proiect de investi\u0163ii, privind canalizarea din comun\u0103\u201d<\/em>, a completat Barbu.<\/p>\n","protected":false},"excerpt":{"rendered":"<p>Executivul a aprobat, recent, alocarea a<\/p>\n","protected":false},"author":1,"featured_media":0,"comment_status":"open","ping_status":"open","sticky":false,"template":"","format":"standard","meta":{"footnotes":""},"categories":[6],"tags":[],"class_list":["post-63733","post","type-post","status-publish","format-standard","hentry","category-breaking-news"],"_links":{"self":[{"href":"https:\/\/www.giurgiuveanul.ro\/stiri\/wp-json\/wp\/v2\/posts\/63733","targetHints":{"allow":["GET"]}}],"collection":[{"href":"https:\/\/www.giurgiuveanul.ro\/stiri\/wp-json\/wp\/v2\/posts"}],"about":[{"href":"https:\/\/www.giurgiuveanul.ro\/stiri\/wp-json\/wp\/v2\/types\/post"}],"author":[{"embeddable":true,"href":"https:\/\/www.giurgiuveanul.ro\/stiri\/wp-json\/wp\/v2\/users\/1"}],"replies":[{"embeddable":true,"href":"https:\/\/www.giurgiuveanul.ro\/stiri\/wp-json\/wp\/v2\/comments?post=63733"}],"version-history":[{"count":0,"href":"https:\/\/www.giurgiuveanul.ro\/stiri\/wp-json\/wp\/v2\/posts\/63733\/revisions"}],"wp:attachment":[{"href":"https:\/\/www.giurgiuveanul.ro\/stiri\/wp-json\/wp\/v2\/media?parent=63733"}],"wp:term":[{"taxonomy":"category","embeddable":true,"href":"https:\/\/www.giurgiuveanul.ro\/stiri\/wp-json\/wp\/v2\/categories?post=63733"},{"taxonomy":"post_tag","embeddable":true,"href":"https:\/\/www.giurgiuveanul.ro\/stiri\/wp-json\/wp\/v2\/tags?post=63733"}],"curies":[{"name":"wp","href":"https:\/\/api.w.org\/{rel}","templated":true}]}}