{"id":63743,"date":"2019-10-21T16:45:08","date_gmt":"2019-10-21T13:45:08","guid":{"rendered":"https:\/\/www.giurgiuveanul.ro\/stiri\/?p=63743"},"modified":"2019-10-21T16:45:44","modified_gmt":"2019-10-21T13:45:44","slug":"giurgiuveanca-de-37-de-ani-gasita-spanzurata-in-casa","status":"publish","type":"post","link":"https:\/\/www.giurgiuveanul.ro\/stiri\/giurgiuveanca-de-37-de-ani-gasita-spanzurata-in-casa\/","title":{"rendered":"Giurgiuveanc\u0103 de 37 de ani, g\u0103sit\u0103 sp\u00e2nzurat\u0103 \u00een cas\u0103"},"content":{"rendered":"<p style=\"text-align: justify;\"><strong><a href=\"https:\/\/www.giurgiuveanul.ro\/stiri\/wp-content\/uploads\/2019\/10\/IMG_1425.jpg\"><img loading=\"lazy\" decoding=\"async\" class=\"aligncenter size-large wp-image-63744\" src=\"https:\/\/www.giurgiuveanul.ro\/stiri\/wp-content\/uploads\/2019\/10\/IMG_1425-560x341.jpg\" alt=\"IMG_1425\" width=\"560\" height=\"341\" srcset=\"https:\/\/www.giurgiuveanul.ro\/stiri\/wp-content\/uploads\/2019\/10\/IMG_1425-560x341.jpg 560w, https:\/\/www.giurgiuveanul.ro\/stiri\/wp-content\/uploads\/2019\/10\/IMG_1425-250x152.jpg 250w, https:\/\/www.giurgiuveanul.ro\/stiri\/wp-content\/uploads\/2019\/10\/IMG_1425-400x244.jpg 400w, https:\/\/www.giurgiuveanul.ro\/stiri\/wp-content\/uploads\/2019\/10\/IMG_1425.jpg 800w\" sizes=\"auto, (max-width: 560px) 100vw, 560px\" \/><\/a>O giurgiuveanc\u0103, \u00een v\u00e2rst\u0103 de 37 de ani,<!--more--> a fost g\u0103sit\u0103 \u00een urm\u0103 cu pu\u0163in timp, de c\u0103tre sora acesteia, sp\u00e2nzurat\u0103 \u00een cas\u0103, informeaz\u0103 IPJ Giurgiu. La fa\u0163a locului s-a deplasat o echip\u0103 operativ\u0103 de la Biroul de Investiga\u0163ii Criminale, pentru cercet\u0103ri.<\/strong><\/p>\n<p style=\"text-align: justify;\">A fost solicitat \u015fi un echipaj de la Ambulan\u0163\u0103 \u00eens\u0103 nu a r\u0103spuns manevrelor de resuscitare, fiind declarat decesul.<\/p>\n<p style=\"text-align: justify;\"><a href=\"https:\/\/www.giurgiuveanul.ro\/stiri\/wp-content\/uploads\/2019\/10\/IMG_1428.jpg\"><img loading=\"lazy\" decoding=\"async\" class=\"aligncenter size-large wp-image-63745\" src=\"https:\/\/www.giurgiuveanul.ro\/stiri\/wp-content\/uploads\/2019\/10\/IMG_1428-560x328.jpg\" alt=\"IMG_1428\" width=\"560\" height=\"328\" srcset=\"https:\/\/www.giurgiuveanul.ro\/stiri\/wp-content\/uploads\/2019\/10\/IMG_1428-560x328.jpg 560w, https:\/\/www.giurgiuveanul.ro\/stiri\/wp-content\/uploads\/2019\/10\/IMG_1428-250x146.jpg 250w, https:\/\/www.giurgiuveanul.ro\/stiri\/wp-content\/uploads\/2019\/10\/IMG_1428-400x234.jpg 400w, https:\/\/www.giurgiuveanul.ro\/stiri\/wp-content\/uploads\/2019\/10\/IMG_1428.jpg 800w\" sizes=\"auto, (max-width: 560px) 100vw, 560px\" \/><\/a><\/p>\n<p style=\"text-align: justify;\">Potrivit informa\u0163iilor oferite de purt\u0103torul de cuv\u00e2nt al IPJ Giurgiu, <strong>Emanuela S\u00e2rbu<\/strong>, asupra femeii nu s-a g\u0103sit nici un bilet care s\u0103 \u00eei justifice fapta, iar cercet\u0103rile sunt continuate \u00een acest caz, pentru stabilirea \u00eemprejur\u0103rilor \u00een care s-a produs decesul.<\/p>\n<p style=\"text-align: justify;\"><em>\u201ePotrivit primelor informa\u021bii nu sunt suspiciuni cu privire la decesul femeii, pe corpul acesteia nefiind g\u0103site urme de violen\u021b\u0103\u201d<\/em>, a precizat Emanuela S\u00e2rbu.<\/p>\n<p style=\"text-align: justify;\">Trupul femeii a fost transportat la Serviciul Jude\u0163ean de Medicin\u0103 Legal\u0103 din Giurgiu pentru realizarea necropsiei.<\/p>\n","protected":false},"excerpt":{"rendered":"<p>O giurgiuveanc\u0103, \u00een v\u00e2rst\u0103 de 37 de ani,<\/p>\n","protected":false},"author":1,"featured_media":0,"comment_status":"open","ping_status":"open","sticky":false,"template":"","format":"standard","meta":{"footnotes":""},"categories":[6],"tags":[],"class_list":["post-63743","post","type-post","status-publish","format-standard","hentry","category-breaking-news"],"_links":{"self":[{"href":"https:\/\/www.giurgiuveanul.ro\/stiri\/wp-json\/wp\/v2\/posts\/63743","targetHints":{"allow":["GET"]}}],"collection":[{"href":"https:\/\/www.giurgiuveanul.ro\/stiri\/wp-json\/wp\/v2\/posts"}],"about":[{"href":"https:\/\/www.giurgiuveanul.ro\/stiri\/wp-json\/wp\/v2\/types\/post"}],"author":[{"embeddable":true,"href":"https:\/\/www.giurgiuveanul.ro\/stiri\/wp-json\/wp\/v2\/users\/1"}],"replies":[{"embeddable":true,"href":"https:\/\/www.giurgiuveanul.ro\/stiri\/wp-json\/wp\/v2\/comments?post=63743"}],"version-history":[{"count":0,"href":"https:\/\/www.giurgiuveanul.ro\/stiri\/wp-json\/wp\/v2\/posts\/63743\/revisions"}],"wp:attachment":[{"href":"https:\/\/www.giurgiuveanul.ro\/stiri\/wp-json\/wp\/v2\/media?parent=63743"}],"wp:term":[{"taxonomy":"category","embeddable":true,"href":"https:\/\/www.giurgiuveanul.ro\/stiri\/wp-json\/wp\/v2\/categories?post=63743"},{"taxonomy":"post_tag","embeddable":true,"href":"https:\/\/www.giurgiuveanul.ro\/stiri\/wp-json\/wp\/v2\/tags?post=63743"}],"curies":[{"name":"wp","href":"https:\/\/api.w.org\/{rel}","templated":true}]}}