{"id":63748,"date":"2019-10-21T17:09:29","date_gmt":"2019-10-21T14:09:29","guid":{"rendered":"https:\/\/www.giurgiuveanul.ro\/stiri\/?p=63748"},"modified":"2019-10-21T17:09:29","modified_gmt":"2019-10-21T14:09:29","slug":"cu-alcoolemie-de-129-mgl-alcool-pur-in-aerul-expirat-s-a-urcat-pe-moped-neinmatriculat-si-accidentat-pieton","status":"publish","type":"post","link":"https:\/\/www.giurgiuveanul.ro\/stiri\/cu-alcoolemie-de-129-mgl-alcool-pur-in-aerul-expirat-s-a-urcat-pe-moped-neinmatriculat-si-accidentat-pieton\/","title":{"rendered":"Cu o alcoolemie de 1,29 mg\/l alcool pur \u00een aerul expirat, s-a urcat pe un moped ne\u00eenmatriculat \u015fi a accidentat un pieton!"},"content":{"rendered":"<p style=\"text-align: justify;\"><strong><a href=\"https:\/\/www.giurgiuveanul.ro\/stiri\/wp-content\/uploads\/2019\/08\/masina-politia-1.jpg\"><img loading=\"lazy\" decoding=\"async\" class=\"aligncenter size-large wp-image-62171\" src=\"https:\/\/www.giurgiuveanul.ro\/stiri\/wp-content\/uploads\/2019\/08\/masina-politia-1-560x361.jpg\" alt=\"masina-politia-1\" width=\"560\" height=\"361\" srcset=\"https:\/\/www.giurgiuveanul.ro\/stiri\/wp-content\/uploads\/2019\/08\/masina-politia-1-560x361.jpg 560w, https:\/\/www.giurgiuveanul.ro\/stiri\/wp-content\/uploads\/2019\/08\/masina-politia-1-250x161.jpg 250w, https:\/\/www.giurgiuveanul.ro\/stiri\/wp-content\/uploads\/2019\/08\/masina-politia-1-400x258.jpg 400w, https:\/\/www.giurgiuveanul.ro\/stiri\/wp-content\/uploads\/2019\/08\/masina-politia-1.jpg 800w\" sizes=\"auto, (max-width: 560px) 100vw, 560px\" \/><\/a>Poli\u021bi\u0219ti cerceteaz\u0103 un t\u00e2n\u0103r, de<!--more--> 19 ani care, \u00een timp ce conducea un moped ne\u00eenmatriculat,\u00a0afl\u00e2ndu-se sub influen\u021ba b\u0103uturilor alcoolice, a accidentat un pieton ce se deplasa pe partea carosabil\u0103.<\/strong><\/p>\n<p style=\"text-align: justify;\">Duminic\u0103, \u00a020 octombrie a.c., ora 18.40, un t\u00e2n\u0103r, de 19 ani, din localitatea D\u0103r\u0103\u0219ti Vla\u0219ca, \u00een timp ce conducea un moped pe raza localit\u0103\u021bii, a acro\u0219at un b\u0103rbat, de 41 ani, pieton ce se deplasa pe partea carosabil\u0103.<\/p>\n<p style=\"text-align: justify;\">\u00cen urma evenimentului a rezultat r\u0103nirea pietonului care a fost transportat la spital pentru acordarea de \u00eengrijiri medicale.<\/p>\n<p style=\"text-align: justify;\">Ambii participan\u021bi la trafic au fost testa\u021bi cu aparatul etilotest, rezultatele fiind 0.00 mg\/l alcool pur \u00een aerul expirat pentru b\u0103rbatul, de 41 de ani, \u0219i 1,29 mg\/l alcool pur \u00een aerul expirat pentru conduc\u0103torul mopedului.<\/p>\n<p style=\"text-align: justify;\">\u00cen urma verific\u0103rilor, s-a stabilit faptul c\u0103 t\u00e2n\u0103rul, de 19 ani, nu poseda permis de conducere, iar mopedul nu era \u00eenmatriculat.<\/p>\n<p style=\"text-align: justify;\">\u00cen cauz\u0103, a fost \u00eentocmit dosar penal sub aspectul s\u0103v\u00e2r\u0219irii infrac\u021biunilor de conducere a unui vehicul f\u0103r\u0103 permis de conducere, conducere pe drumurile publice a unui vehicul ne\u00eenmatriculat \u0219i v\u0103t\u0103mare corporal\u0103 din culp\u0103.<\/p>\n","protected":false},"excerpt":{"rendered":"<p>Poli\u021bi\u0219ti cerceteaz\u0103 un t\u00e2n\u0103r, de<\/p>\n","protected":false},"author":1,"featured_media":0,"comment_status":"open","ping_status":"open","sticky":false,"template":"","format":"standard","meta":{"footnotes":""},"categories":[6],"tags":[],"class_list":["post-63748","post","type-post","status-publish","format-standard","hentry","category-breaking-news"],"_links":{"self":[{"href":"https:\/\/www.giurgiuveanul.ro\/stiri\/wp-json\/wp\/v2\/posts\/63748","targetHints":{"allow":["GET"]}}],"collection":[{"href":"https:\/\/www.giurgiuveanul.ro\/stiri\/wp-json\/wp\/v2\/posts"}],"about":[{"href":"https:\/\/www.giurgiuveanul.ro\/stiri\/wp-json\/wp\/v2\/types\/post"}],"author":[{"embeddable":true,"href":"https:\/\/www.giurgiuveanul.ro\/stiri\/wp-json\/wp\/v2\/users\/1"}],"replies":[{"embeddable":true,"href":"https:\/\/www.giurgiuveanul.ro\/stiri\/wp-json\/wp\/v2\/comments?post=63748"}],"version-history":[{"count":0,"href":"https:\/\/www.giurgiuveanul.ro\/stiri\/wp-json\/wp\/v2\/posts\/63748\/revisions"}],"wp:attachment":[{"href":"https:\/\/www.giurgiuveanul.ro\/stiri\/wp-json\/wp\/v2\/media?parent=63748"}],"wp:term":[{"taxonomy":"category","embeddable":true,"href":"https:\/\/www.giurgiuveanul.ro\/stiri\/wp-json\/wp\/v2\/categories?post=63748"},{"taxonomy":"post_tag","embeddable":true,"href":"https:\/\/www.giurgiuveanul.ro\/stiri\/wp-json\/wp\/v2\/tags?post=63748"}],"curies":[{"name":"wp","href":"https:\/\/api.w.org\/{rel}","templated":true}]}}