{"id":63750,"date":"2019-10-21T17:21:04","date_gmt":"2019-10-21T14:21:04","guid":{"rendered":"https:\/\/www.giurgiuveanul.ro\/stiri\/?p=63750"},"modified":"2019-10-21T17:32:55","modified_gmt":"2019-10-21T14:32:55","slug":"tot-astazi-giurgiuvean-si-a-pus-capat-zilelor","status":"publish","type":"post","link":"https:\/\/www.giurgiuveanul.ro\/stiri\/tot-astazi-giurgiuvean-si-a-pus-capat-zilelor\/","title":{"rendered":"Tot ast\u0103zi, un giurgiuvean \u015fi-a pus cap\u0103t zilelor"},"content":{"rendered":"<p style=\"text-align: justify;\"><a href=\"https:\/\/www.giurgiuveanul.ro\/stiri\/wp-content\/uploads\/2019\/10\/streang-2.jpg\"><img loading=\"lazy\" decoding=\"async\" class=\"aligncenter size-large wp-image-63751\" src=\"https:\/\/www.giurgiuveanul.ro\/stiri\/wp-content\/uploads\/2019\/10\/streang-2-560x374.jpg\" alt=\"streang-2\" width=\"560\" height=\"374\" srcset=\"https:\/\/www.giurgiuveanul.ro\/stiri\/wp-content\/uploads\/2019\/10\/streang-2-560x374.jpg 560w, https:\/\/www.giurgiuveanul.ro\/stiri\/wp-content\/uploads\/2019\/10\/streang-2-250x167.jpg 250w, https:\/\/www.giurgiuveanul.ro\/stiri\/wp-content\/uploads\/2019\/10\/streang-2-400x267.jpg 400w, https:\/\/www.giurgiuveanul.ro\/stiri\/wp-content\/uploads\/2019\/10\/streang-2.jpg 680w\" sizes=\"auto, (max-width: 560px) 100vw, 560px\" \/><\/a>Caz trist<!--more--> \u015fi \u00een satul T\u00e2ntava, din comuna giurgiuvean\u0103 Gr\u0103dinari. Un b\u0103rbat, \u00een v\u00e2rst\u0103 de 80 de ani, a ales s\u0103 \u00ee\u0219i \u00eencheie socotelile cu via\u021ba, sp\u00e2nzur\u00e2ndu-se.<\/p>\n<p style=\"text-align: justify;\">Conform informa\u021biilor oferite de purt\u0103torul de cuv\u00e2nt al IPJ Giurgiu, <strong>Emanuela S\u00e2rbu, <\/strong>cadavrul b\u0103rbatului a fost descoperit de o vecin\u0103. Nici acesta nu \u015fi-a motivat gestul extrem la care a recurs.<\/p>\n<p style=\"text-align: justify;\">La fa\u021ba locului au sosit criminali\u0219tii.<\/p>\n<p style=\"text-align: justify;\">Ace\u0219tia au constatat c\u0103 nu sunt urme de violen\u021b\u0103, \u00een afara celor specifice suicidului. Corpul ne\u00eensufle\u021bit a fost transportat la morga Spitalului Jude\u021bean de Urgen\u0163\u0103 Giurgiu, \u00een vederea efectu\u0103rii\u00a0necropsiei \u0219i stabilirii cu exactitate a circumstan\u021belor care au condus la deces.<\/p>\n","protected":false},"excerpt":{"rendered":"<p>Caz trist<\/p>\n","protected":false},"author":1,"featured_media":0,"comment_status":"open","ping_status":"open","sticky":false,"template":"","format":"standard","meta":{"footnotes":""},"categories":[6],"tags":[],"class_list":["post-63750","post","type-post","status-publish","format-standard","hentry","category-breaking-news"],"_links":{"self":[{"href":"https:\/\/www.giurgiuveanul.ro\/stiri\/wp-json\/wp\/v2\/posts\/63750","targetHints":{"allow":["GET"]}}],"collection":[{"href":"https:\/\/www.giurgiuveanul.ro\/stiri\/wp-json\/wp\/v2\/posts"}],"about":[{"href":"https:\/\/www.giurgiuveanul.ro\/stiri\/wp-json\/wp\/v2\/types\/post"}],"author":[{"embeddable":true,"href":"https:\/\/www.giurgiuveanul.ro\/stiri\/wp-json\/wp\/v2\/users\/1"}],"replies":[{"embeddable":true,"href":"https:\/\/www.giurgiuveanul.ro\/stiri\/wp-json\/wp\/v2\/comments?post=63750"}],"version-history":[{"count":0,"href":"https:\/\/www.giurgiuveanul.ro\/stiri\/wp-json\/wp\/v2\/posts\/63750\/revisions"}],"wp:attachment":[{"href":"https:\/\/www.giurgiuveanul.ro\/stiri\/wp-json\/wp\/v2\/media?parent=63750"}],"wp:term":[{"taxonomy":"category","embeddable":true,"href":"https:\/\/www.giurgiuveanul.ro\/stiri\/wp-json\/wp\/v2\/categories?post=63750"},{"taxonomy":"post_tag","embeddable":true,"href":"https:\/\/www.giurgiuveanul.ro\/stiri\/wp-json\/wp\/v2\/tags?post=63750"}],"curies":[{"name":"wp","href":"https:\/\/api.w.org\/{rel}","templated":true}]}}