{"id":63767,"date":"2019-10-21T19:35:41","date_gmt":"2019-10-21T16:35:41","guid":{"rendered":"https:\/\/www.giurgiuveanul.ro\/stiri\/?p=63767"},"modified":"2019-10-21T19:35:41","modified_gmt":"2019-10-21T16:35:41","slug":"targul-producatorilor-romani-s-a-incheiat-cu-dosar-penal-sanctiune-contraventionala-de-10-000-lei-si-bunuri-confiscate-in-valoare-de-20-000-lei","status":"publish","type":"post","link":"https:\/\/www.giurgiuveanul.ro\/stiri\/targul-producatorilor-romani-s-a-incheiat-cu-dosar-penal-sanctiune-contraventionala-de-10-000-lei-si-bunuri-confiscate-in-valoare-de-20-000-lei\/","title":{"rendered":"\u201eT\u00e2rgul Produc\u0103torilor Rom\u00e2ni\u201d s-a \u00eencheiat cu un dosar penal, o sanc\u021biune contraven\u021bional\u0103 de 10.000 lei \u0219i bunuri confiscate \u00een valoare de 20.000 lei!"},"content":{"rendered":"<p style=\"text-align: justify;\"><strong><a href=\"https:\/\/www.giurgiuveanul.ro\/stiri\/wp-content\/uploads\/2019\/10\/IMG_98571.jpg\"><img loading=\"lazy\" decoding=\"async\" class=\"aligncenter size-large wp-image-63768\" src=\"https:\/\/www.giurgiuveanul.ro\/stiri\/wp-content\/uploads\/2019\/10\/IMG_98571-560x376.jpg\" alt=\"IMG_9857\" width=\"560\" height=\"376\" srcset=\"https:\/\/www.giurgiuveanul.ro\/stiri\/wp-content\/uploads\/2019\/10\/IMG_98571-560x376.jpg 560w, https:\/\/www.giurgiuveanul.ro\/stiri\/wp-content\/uploads\/2019\/10\/IMG_98571-250x168.jpg 250w, https:\/\/www.giurgiuveanul.ro\/stiri\/wp-content\/uploads\/2019\/10\/IMG_98571-400x269.jpg 400w, https:\/\/www.giurgiuveanul.ro\/stiri\/wp-content\/uploads\/2019\/10\/IMG_98571.jpg 800w\" sizes=\"auto, (max-width: 560px) 100vw, 560px\" \/><\/a>Un<!--more--> dosar penal \u00eentocmit, o sanc\u021biune contraven\u021bional\u0103 de 10.000 lei \u0219i bunuri confiscate \u00een valoare de 20.000 lei sunt m\u0103surile luate de poli\u021bi\u0219tii giurgiuveni \u0219i reprezentan\u021bii Comisariatului Jude\u021bean pentru protec\u021bia Consumatorului \u00een urma neregulilor constatate cu ocazia unui control efectuat la un t\u00e2rg organizat pe raza municipiului Giurgiu.<\/strong><\/p>\n<p style=\"text-align: justify;\">Astfel, vineri 18 octombrie a.c., poli\u021bi\u0219tii Serviciului de Investigare a Criminalit\u0103\u021bii Economice, \u00eempreun\u0103 cu poli\u021bi\u0219ti de la Poli\u021bia Municipiului Giurgiu \u0219i comisari ai Comisariatului Jude\u021bean pentru Protec\u021bia Consumatorului Giurgiu au organizat si efectuat o ac\u021biune la un t\u00e2rg al produc\u0103torilor, situat \u00een parcarea unui supermarket din municipiul Giurgiu.<\/p>\n<p style=\"text-align: justify;\">Activit\u0103\u021bile au urm\u0103rit combaterea faptelor de evaziune fiscal\u0103, protejarea produselor a c\u0103ror marc\u0103 se bucur\u0103 de protec\u021bie pe teritoriul Rom\u00e2niei, protejarea mediului de afaceri, precum si asigurarea unui climat de ordine \u0219i siguran\u021b\u0103 public\u0103, prin efectuarea unor controale directe la produc\u0103torii\/me\u0219te\u0219ugarii care comercializeaz\u0103 articole de \u00eembr\u0103c\u0103minte (haine de blan\u0103 \u0219i din piele).<\/p>\n<p style=\"text-align: justify;\">Cu ocazia controalelor, la un agent economic, cu sediul \u00een comuna Teaca, jude\u021bul Bistri\u021ba N\u0103s\u0103ud, reprezentat de un b\u0103rbat, de 44 ani, \u00een calitate de administrator, s-a constatat c\u0103 acesta comercializa mai multe articole de \u00eembr\u0103c\u0103minte <em>(haine din piele de dam\u0103 \u0219i b\u0103rba\u021bi)<\/em>, purt\u00e2nd numele unor m\u0103rci protejate pe teritoriul Rom\u00e2niei.<\/p>\n<p style=\"text-align: justify;\">Articolele de \u00eembr\u0103c\u0103minte au fost ridicate \u00een vederea continu\u0103rii cercet\u0103rilor, \u00een cauz\u0103 fiind \u00eentocmit un dosar penal \u00een care se efectueaz\u0103 cercet\u0103ri sub aspectul s\u0103v\u00e2r\u0219irii infrac\u021biunii de <em>,,punerea \u00een circula\u021bie a unui produs purt\u00e2nd o marc\u0103 identic\u0103 sau similar\u0103 cu o marc\u0103 \u00eenregistrat\u0103 pentru produse identice ori similare\u201d<\/em>.<\/p>\n<p style=\"text-align: justify;\">De asemenea, a fost depistat\u0103 o femeie, de 45 ani, din municipiul Bistri\u021ba, reprezentant\u0103 a unei \u00eentreprinderi individuale cu sediul \u00een Bistri\u021ba, jude\u021bul Bistri\u021ba\u2013N\u0103s\u0103ud, care comercializa haine din piele second-hand f\u0103r\u0103 documente legale de provenien\u021b\u0103.<\/p>\n<p style=\"text-align: justify;\">Fa\u021b\u0103 de aceasta, poli\u021bi\u0219tii au dispus sanc\u021bionarea contraven\u021bional\u0103 cu suma total\u0103 de 10.000 lei \u0219i m\u0103sura complementar\u0103 a confisc\u0103rii a 50 haine din piele, second-hand, \u00een valoare de 20.000 lei.<\/p>\n","protected":false},"excerpt":{"rendered":"<p>Un<\/p>\n","protected":false},"author":1,"featured_media":0,"comment_status":"open","ping_status":"open","sticky":false,"template":"","format":"standard","meta":{"footnotes":""},"categories":[6],"tags":[],"class_list":["post-63767","post","type-post","status-publish","format-standard","hentry","category-breaking-news"],"_links":{"self":[{"href":"https:\/\/www.giurgiuveanul.ro\/stiri\/wp-json\/wp\/v2\/posts\/63767","targetHints":{"allow":["GET"]}}],"collection":[{"href":"https:\/\/www.giurgiuveanul.ro\/stiri\/wp-json\/wp\/v2\/posts"}],"about":[{"href":"https:\/\/www.giurgiuveanul.ro\/stiri\/wp-json\/wp\/v2\/types\/post"}],"author":[{"embeddable":true,"href":"https:\/\/www.giurgiuveanul.ro\/stiri\/wp-json\/wp\/v2\/users\/1"}],"replies":[{"embeddable":true,"href":"https:\/\/www.giurgiuveanul.ro\/stiri\/wp-json\/wp\/v2\/comments?post=63767"}],"version-history":[{"count":0,"href":"https:\/\/www.giurgiuveanul.ro\/stiri\/wp-json\/wp\/v2\/posts\/63767\/revisions"}],"wp:attachment":[{"href":"https:\/\/www.giurgiuveanul.ro\/stiri\/wp-json\/wp\/v2\/media?parent=63767"}],"wp:term":[{"taxonomy":"category","embeddable":true,"href":"https:\/\/www.giurgiuveanul.ro\/stiri\/wp-json\/wp\/v2\/categories?post=63767"},{"taxonomy":"post_tag","embeddable":true,"href":"https:\/\/www.giurgiuveanul.ro\/stiri\/wp-json\/wp\/v2\/tags?post=63767"}],"curies":[{"name":"wp","href":"https:\/\/api.w.org\/{rel}","templated":true}]}}