{"id":63780,"date":"2019-10-22T09:46:49","date_gmt":"2019-10-22T06:46:49","guid":{"rendered":"https:\/\/www.giurgiuveanul.ro\/stiri\/?p=63780"},"modified":"2019-10-22T09:46:49","modified_gmt":"2019-10-22T06:46:49","slug":"atentie-soferi-ceata-densa-pus-din-nou-stapanire-pe-giurgiu-foto","status":"publish","type":"post","link":"https:\/\/www.giurgiuveanul.ro\/stiri\/atentie-soferi-ceata-densa-pus-din-nou-stapanire-pe-giurgiu-foto\/","title":{"rendered":"ATEN\u0162IE, \u015foferi! Cea\u0163a dens\u0103 a pus din nou st\u0103p\u00e2nire pe Giurgiu! (FOTO)"},"content":{"rendered":"<p style=\"text-align: justify;\"><a href=\"https:\/\/www.giurgiuveanul.ro\/stiri\/wp-content\/uploads\/2019\/10\/IMG_1458.jpg\"><img loading=\"lazy\" decoding=\"async\" class=\"aligncenter size-large wp-image-63782\" src=\"https:\/\/www.giurgiuveanul.ro\/stiri\/wp-content\/uploads\/2019\/10\/IMG_1458-560x393.jpg\" alt=\"IMG_1458\" width=\"560\" height=\"393\" srcset=\"https:\/\/www.giurgiuveanul.ro\/stiri\/wp-content\/uploads\/2019\/10\/IMG_1458-560x393.jpg 560w, https:\/\/www.giurgiuveanul.ro\/stiri\/wp-content\/uploads\/2019\/10\/IMG_1458-250x176.jpg 250w, https:\/\/www.giurgiuveanul.ro\/stiri\/wp-content\/uploads\/2019\/10\/IMG_1458-400x281.jpg 400w, https:\/\/www.giurgiuveanul.ro\/stiri\/wp-content\/uploads\/2019\/10\/IMG_1458.jpg 800w\" sizes=\"auto, (max-width: 560px) 100vw, 560px\" \/><\/a>Ast\u0103zi, 22 octombrie 2019,<!--more--> avem deocamdat\u0103 cea\u0163\u0103 dens\u0103&#8230; dar vremea va fi frumoasa \u015fi deosebit de cald\u0103, temepraturile ajung\u00e2nd, la Giurgiu, \u00a0la 23 de grade Celsius.<\/p>\n<p style=\"text-align: justify;\">Pentru reducerea riscului de implicare \u00een evenimente rutiere, conduc\u0103torilor auto li se recomand\u0103 s\u0103 circule cu pruden\u0163\u0103, s\u0103 adapteze viteza la condi\u0163iile de trafic, s\u0103 m\u0103reasc\u0103 distan\u0163a de siguran\u0163\u0103 \u00eentre vehicule \u015fi s\u0103 foloseasc\u0103 luminile de \u00eent\u00e2lnire \u015fi pe cele de cea\u0163\u0103 din dotarea autovehiculelor.<\/p>\n","protected":false},"excerpt":{"rendered":"<p>Ast\u0103zi, 22 octombrie 2019,<\/p>\n","protected":false},"author":1,"featured_media":0,"comment_status":"open","ping_status":"open","sticky":false,"template":"","format":"standard","meta":{"footnotes":""},"categories":[6],"tags":[],"class_list":["post-63780","post","type-post","status-publish","format-standard","hentry","category-breaking-news"],"_links":{"self":[{"href":"https:\/\/www.giurgiuveanul.ro\/stiri\/wp-json\/wp\/v2\/posts\/63780","targetHints":{"allow":["GET"]}}],"collection":[{"href":"https:\/\/www.giurgiuveanul.ro\/stiri\/wp-json\/wp\/v2\/posts"}],"about":[{"href":"https:\/\/www.giurgiuveanul.ro\/stiri\/wp-json\/wp\/v2\/types\/post"}],"author":[{"embeddable":true,"href":"https:\/\/www.giurgiuveanul.ro\/stiri\/wp-json\/wp\/v2\/users\/1"}],"replies":[{"embeddable":true,"href":"https:\/\/www.giurgiuveanul.ro\/stiri\/wp-json\/wp\/v2\/comments?post=63780"}],"version-history":[{"count":0,"href":"https:\/\/www.giurgiuveanul.ro\/stiri\/wp-json\/wp\/v2\/posts\/63780\/revisions"}],"wp:attachment":[{"href":"https:\/\/www.giurgiuveanul.ro\/stiri\/wp-json\/wp\/v2\/media?parent=63780"}],"wp:term":[{"taxonomy":"category","embeddable":true,"href":"https:\/\/www.giurgiuveanul.ro\/stiri\/wp-json\/wp\/v2\/categories?post=63780"},{"taxonomy":"post_tag","embeddable":true,"href":"https:\/\/www.giurgiuveanul.ro\/stiri\/wp-json\/wp\/v2\/tags?post=63780"}],"curies":[{"name":"wp","href":"https:\/\/api.w.org\/{rel}","templated":true}]}}