{"id":63789,"date":"2019-10-22T11:53:23","date_gmt":"2019-10-22T08:53:23","guid":{"rendered":"https:\/\/www.giurgiuveanul.ro\/stiri\/?p=63789"},"modified":"2019-10-22T12:02:08","modified_gmt":"2019-10-22T09:02:08","slug":"acum-accident-rutier-mortal-la-greaca-foto","status":"publish","type":"post","link":"https:\/\/www.giurgiuveanul.ro\/stiri\/acum-accident-rutier-mortal-la-greaca-foto\/","title":{"rendered":"ACUM. ACCIDENT RUTIER mortal, la Greaca! (FOTO)"},"content":{"rendered":"<p><a href=\"https:\/\/www.giurgiuveanul.ro\/stiri\/wp-content\/uploads\/2019\/10\/73422552_1320963041396421_2767199793330520064_n.jpg\"><img loading=\"lazy\" decoding=\"async\" class=\"aligncenter size-large wp-image-63790\" src=\"https:\/\/www.giurgiuveanul.ro\/stiri\/wp-content\/uploads\/2019\/10\/73422552_1320963041396421_2767199793330520064_n-529x450.jpg\" alt=\"73422552_1320963041396421_2767199793330520064_n\" width=\"529\" height=\"450\" srcset=\"https:\/\/www.giurgiuveanul.ro\/stiri\/wp-content\/uploads\/2019\/10\/73422552_1320963041396421_2767199793330520064_n-529x450.jpg 529w, https:\/\/www.giurgiuveanul.ro\/stiri\/wp-content\/uploads\/2019\/10\/73422552_1320963041396421_2767199793330520064_n-250x213.jpg 250w, https:\/\/www.giurgiuveanul.ro\/stiri\/wp-content\/uploads\/2019\/10\/73422552_1320963041396421_2767199793330520064_n-400x340.jpg 400w\" sizes=\"auto, (max-width: 529px) 100vw, 529px\" \/><\/a>Un<!--more--> b\u0103rbat \u015fi-a pierdut via\u0163a, \u00een urma unui ACCIDENT RUTIER, produs la Greaca.\u00a0Trupul ne\u00eensufle\u0163it al victimei a r\u0103mas \u00eencarcerat\u00a0 \u00eentre fiarele contorsionate ale autoturismului.<\/p>\n<p><a href=\"https:\/\/www.giurgiuveanul.ro\/stiri\/wp-content\/uploads\/2019\/10\/73370705_575889582950679_1477179221783609344_n.jpg\"><img loading=\"lazy\" decoding=\"async\" class=\"aligncenter size-large wp-image-63794\" src=\"https:\/\/www.giurgiuveanul.ro\/stiri\/wp-content\/uploads\/2019\/10\/73370705_575889582950679_1477179221783609344_n-560x272.jpg\" alt=\"73370705_575889582950679_1477179221783609344_n\" width=\"560\" height=\"272\" srcset=\"https:\/\/www.giurgiuveanul.ro\/stiri\/wp-content\/uploads\/2019\/10\/73370705_575889582950679_1477179221783609344_n-560x272.jpg 560w, https:\/\/www.giurgiuveanul.ro\/stiri\/wp-content\/uploads\/2019\/10\/73370705_575889582950679_1477179221783609344_n-250x121.jpg 250w, https:\/\/www.giurgiuveanul.ro\/stiri\/wp-content\/uploads\/2019\/10\/73370705_575889582950679_1477179221783609344_n-400x194.jpg 400w, https:\/\/www.giurgiuveanul.ro\/stiri\/wp-content\/uploads\/2019\/10\/73370705_575889582950679_1477179221783609344_n.jpg 1600w\" sizes=\"auto, (max-width: 560px) 100vw, 560px\" \/><\/a><\/p>\n<p>Vom reveni cu am\u0103nunte.<\/p>\n<p><em>N.R. Mul\u0163umim cititorului nostru pentru fotografiile transmise pe adresa redac\u0163iei.<\/em><\/p>\n","protected":false},"excerpt":{"rendered":"<p>Un<\/p>\n","protected":false},"author":1,"featured_media":0,"comment_status":"open","ping_status":"open","sticky":false,"template":"","format":"standard","meta":{"footnotes":""},"categories":[6],"tags":[],"class_list":["post-63789","post","type-post","status-publish","format-standard","hentry","category-breaking-news"],"_links":{"self":[{"href":"https:\/\/www.giurgiuveanul.ro\/stiri\/wp-json\/wp\/v2\/posts\/63789","targetHints":{"allow":["GET"]}}],"collection":[{"href":"https:\/\/www.giurgiuveanul.ro\/stiri\/wp-json\/wp\/v2\/posts"}],"about":[{"href":"https:\/\/www.giurgiuveanul.ro\/stiri\/wp-json\/wp\/v2\/types\/post"}],"author":[{"embeddable":true,"href":"https:\/\/www.giurgiuveanul.ro\/stiri\/wp-json\/wp\/v2\/users\/1"}],"replies":[{"embeddable":true,"href":"https:\/\/www.giurgiuveanul.ro\/stiri\/wp-json\/wp\/v2\/comments?post=63789"}],"version-history":[{"count":0,"href":"https:\/\/www.giurgiuveanul.ro\/stiri\/wp-json\/wp\/v2\/posts\/63789\/revisions"}],"wp:attachment":[{"href":"https:\/\/www.giurgiuveanul.ro\/stiri\/wp-json\/wp\/v2\/media?parent=63789"}],"wp:term":[{"taxonomy":"category","embeddable":true,"href":"https:\/\/www.giurgiuveanul.ro\/stiri\/wp-json\/wp\/v2\/categories?post=63789"},{"taxonomy":"post_tag","embeddable":true,"href":"https:\/\/www.giurgiuveanul.ro\/stiri\/wp-json\/wp\/v2\/tags?post=63789"}],"curies":[{"name":"wp","href":"https:\/\/api.w.org\/{rel}","templated":true}]}}