{"id":63796,"date":"2019-10-22T16:42:03","date_gmt":"2019-10-22T13:42:03","guid":{"rendered":"https:\/\/www.giurgiuveanul.ro\/stiri\/?p=63796"},"modified":"2019-10-22T17:26:08","modified_gmt":"2019-10-22T14:26:08","slug":"politia-cauza-accidentului-rutier-mortal-de-la-greaca-foto","status":"publish","type":"post","link":"https:\/\/www.giurgiuveanul.ro\/stiri\/politia-cauza-accidentului-rutier-mortal-de-la-greaca-foto\/","title":{"rendered":"Poli\u0163ia: cauza producerii ACCIDENTULUI RUTIER MORTAL de la Greaca (FOTO)"},"content":{"rendered":"<p style=\"margin: 0cm; margin-bottom: .0001pt; text-align: justify; background: white;\"><a href=\"https:\/\/www.giurgiuveanul.ro\/stiri\/wp-content\/uploads\/2019\/10\/73375593_444903596151456_9159138511725527040_n.jpg\"><img loading=\"lazy\" decoding=\"async\" class=\"aligncenter size-large wp-image-63797\" src=\"https:\/\/www.giurgiuveanul.ro\/stiri\/wp-content\/uploads\/2019\/10\/73375593_444903596151456_9159138511725527040_n-560x276.jpg\" alt=\"73375593_444903596151456_9159138511725527040_n\" width=\"560\" height=\"276\" srcset=\"https:\/\/www.giurgiuveanul.ro\/stiri\/wp-content\/uploads\/2019\/10\/73375593_444903596151456_9159138511725527040_n-560x276.jpg 560w, https:\/\/www.giurgiuveanul.ro\/stiri\/wp-content\/uploads\/2019\/10\/73375593_444903596151456_9159138511725527040_n-250x123.jpg 250w, https:\/\/www.giurgiuveanul.ro\/stiri\/wp-content\/uploads\/2019\/10\/73375593_444903596151456_9159138511725527040_n-400x197.jpg 400w, https:\/\/www.giurgiuveanul.ro\/stiri\/wp-content\/uploads\/2019\/10\/73375593_444903596151456_9159138511725527040_n.jpg 1024w\" sizes=\"auto, (max-width: 560px) 100vw, 560px\" \/><\/a>A\u015fa dup\u0103 cum v-am mai informat, ast\u0103zi, la ora<!--more--> 11.30, un \u015fofer care a adormit la volan a murit dup\u0103 ce s-a ciocnit frontal cu un copac. La fa\u0163a locului au intervenit echipaje SMURD \u015fi de la descarcerare.<\/p>\n<p style=\"margin: 0cm; margin-bottom: .0001pt; text-align: justify; background: white;\">Un b\u0103rbat, de 54 de ani, din municipiul Giurgiu, \u00een timp ce conducea un autoturism pe DN 41, av\u00e2nd direc\u021bia de mers Greaca spre Giurgiu, la ie\u0219ire din comuna Greaca, a intrat pe contrasens, a ie\u0219it \u00een afara p\u0103r\u021bii carosabile \u0219i s-a lovit frontal cu un copac.<\/p>\n<p style=\"margin: 0cm; margin-bottom: .0001pt; text-align: justify; background: white;\"><a href=\"https:\/\/www.giurgiuveanul.ro\/stiri\/wp-content\/uploads\/2019\/10\/73082809_710306739379469_184635021942849536_n.jpg\"><img loading=\"lazy\" decoding=\"async\" class=\"aligncenter size-large wp-image-63798\" src=\"https:\/\/www.giurgiuveanul.ro\/stiri\/wp-content\/uploads\/2019\/10\/73082809_710306739379469_184635021942849536_n-229x450.jpg\" alt=\"73082809_710306739379469_184635021942849536_n\" width=\"229\" height=\"450\" srcset=\"https:\/\/www.giurgiuveanul.ro\/stiri\/wp-content\/uploads\/2019\/10\/73082809_710306739379469_184635021942849536_n-229x450.jpg 229w, https:\/\/www.giurgiuveanul.ro\/stiri\/wp-content\/uploads\/2019\/10\/73082809_710306739379469_184635021942849536_n-152x300.jpg 152w, https:\/\/www.giurgiuveanul.ro\/stiri\/wp-content\/uploads\/2019\/10\/73082809_710306739379469_184635021942849536_n-305x600.jpg 305w, https:\/\/www.giurgiuveanul.ro\/stiri\/wp-content\/uploads\/2019\/10\/73082809_710306739379469_184635021942849536_n.jpg 455w\" sizes=\"auto, (max-width: 229px) 100vw, 229px\" \/><\/a><\/p>\n<p style=\"margin: 0cm; margin-bottom: .0001pt; text-align: justify; background: white;\">\u00cen urma evenimentului, a rezultat decesul b\u0103rbatului, care era singur \u00een autoturism.<\/p>\n<p style=\"margin: 0cm; margin-bottom: .0001pt; text-align: justify; background: white;\">Se pare c\u0103 accidentul a fost produs din cauz\u0103 c\u0103 \u0219oferul autoturismului a adormit la volan, spune purt\u0103torul de cuv\u00e2nt al IPJ Giurgiu, <strong>Emanuela S\u00e2rbu<\/strong>.<\/p>\n<p style=\"margin: 0cm; margin-bottom: .0001pt; text-align: justify; background: white;\">Poli\u0163i\u015ftii continu\u0103 cercet\u0103rile \u015fi au deschis un dosar penal pentru ucidere din culp\u0103.<\/p>\n","protected":false},"excerpt":{"rendered":"<p>A\u015fa dup\u0103 cum v-am mai informat, ast\u0103zi, la ora<\/p>\n","protected":false},"author":1,"featured_media":0,"comment_status":"open","ping_status":"open","sticky":false,"template":"","format":"standard","meta":{"footnotes":""},"categories":[6],"tags":[],"class_list":["post-63796","post","type-post","status-publish","format-standard","hentry","category-breaking-news"],"_links":{"self":[{"href":"https:\/\/www.giurgiuveanul.ro\/stiri\/wp-json\/wp\/v2\/posts\/63796","targetHints":{"allow":["GET"]}}],"collection":[{"href":"https:\/\/www.giurgiuveanul.ro\/stiri\/wp-json\/wp\/v2\/posts"}],"about":[{"href":"https:\/\/www.giurgiuveanul.ro\/stiri\/wp-json\/wp\/v2\/types\/post"}],"author":[{"embeddable":true,"href":"https:\/\/www.giurgiuveanul.ro\/stiri\/wp-json\/wp\/v2\/users\/1"}],"replies":[{"embeddable":true,"href":"https:\/\/www.giurgiuveanul.ro\/stiri\/wp-json\/wp\/v2\/comments?post=63796"}],"version-history":[{"count":0,"href":"https:\/\/www.giurgiuveanul.ro\/stiri\/wp-json\/wp\/v2\/posts\/63796\/revisions"}],"wp:attachment":[{"href":"https:\/\/www.giurgiuveanul.ro\/stiri\/wp-json\/wp\/v2\/media?parent=63796"}],"wp:term":[{"taxonomy":"category","embeddable":true,"href":"https:\/\/www.giurgiuveanul.ro\/stiri\/wp-json\/wp\/v2\/categories?post=63796"},{"taxonomy":"post_tag","embeddable":true,"href":"https:\/\/www.giurgiuveanul.ro\/stiri\/wp-json\/wp\/v2\/tags?post=63796"}],"curies":[{"name":"wp","href":"https:\/\/api.w.org\/{rel}","templated":true}]}}