{"id":63829,"date":"2019-10-23T09:50:42","date_gmt":"2019-10-23T06:50:42","guid":{"rendered":"https:\/\/www.giurgiuveanul.ro\/stiri\/?p=63829"},"modified":"2019-10-23T09:50:42","modified_gmt":"2019-10-23T06:50:42","slug":"17-cabinete-medicale-si-alte-21-de-spatii-din-ambulatoriul-spitalului-judetean-giurgiu-reabilitate-si-modernizate-printr-un-proiect-por-foto","status":"publish","type":"post","link":"https:\/\/www.giurgiuveanul.ro\/stiri\/17-cabinete-medicale-si-alte-21-de-spatii-din-ambulatoriul-spitalului-judetean-giurgiu-reabilitate-si-modernizate-printr-un-proiect-por-foto\/","title":{"rendered":"17 cabinete medicale \u015fi alte 21 de spa\u0163ii din Ambulatoriul Spitalului Jude\u0163ean Giurgiu, reabilitate \u015fi modernizate printr-un proiect POR! (FOTO)"},"content":{"rendered":"<p style=\"text-align: justify;\"><strong><a href=\"https:\/\/www.giurgiuveanul.ro\/stiri\/wp-content\/uploads\/2019\/10\/74667908_2489210544496240_3718702961140957184_n.jpg\"><img loading=\"lazy\" decoding=\"async\" class=\"aligncenter size-large wp-image-63830\" src=\"https:\/\/www.giurgiuveanul.ro\/stiri\/wp-content\/uploads\/2019\/10\/74667908_2489210544496240_3718702961140957184_n-560x382.jpg\" alt=\"74667908_2489210544496240_3718702961140957184_n\" width=\"560\" height=\"382\" srcset=\"https:\/\/www.giurgiuveanul.ro\/stiri\/wp-content\/uploads\/2019\/10\/74667908_2489210544496240_3718702961140957184_n-560x382.jpg 560w, https:\/\/www.giurgiuveanul.ro\/stiri\/wp-content\/uploads\/2019\/10\/74667908_2489210544496240_3718702961140957184_n-250x170.jpg 250w, https:\/\/www.giurgiuveanul.ro\/stiri\/wp-content\/uploads\/2019\/10\/74667908_2489210544496240_3718702961140957184_n-400x273.jpg 400w, https:\/\/www.giurgiuveanul.ro\/stiri\/wp-content\/uploads\/2019\/10\/74667908_2489210544496240_3718702961140957184_n.jpg 800w\" sizes=\"auto, (max-width: 560px) 100vw, 560px\" \/><\/a>Este vorba despre<!--more--> proiectul \u201eReabilitare, modernizare, extindere si dotare Ambulatoriu din cadrul Spitalului Judetean de Urgenta Giurgiu\u201d, depus \u00een cadrul Programului Opera\u0163ional Regional 2014-2020, Axa prioritar\u0103 8 Dezvoltarea infrastructurii sanitare \u015fi sociale, Opera\u0163iunea 8.1 A Ambulatorii<\/strong><\/p>\n<p style=\"text-align: justify;\"><a href=\"https:\/\/www.giurgiuveanul.ro\/stiri\/wp-content\/uploads\/2019\/10\/74886482_2489211561162805_966495756179472384_n.jpg\"><img loading=\"lazy\" decoding=\"async\" class=\"aligncenter size-large wp-image-63831\" src=\"https:\/\/www.giurgiuveanul.ro\/stiri\/wp-content\/uploads\/2019\/10\/74886482_2489211561162805_966495756179472384_n-560x433.jpg\" alt=\"74886482_2489211561162805_966495756179472384_n\" width=\"560\" height=\"433\" srcset=\"https:\/\/www.giurgiuveanul.ro\/stiri\/wp-content\/uploads\/2019\/10\/74886482_2489211561162805_966495756179472384_n-560x433.jpg 560w, https:\/\/www.giurgiuveanul.ro\/stiri\/wp-content\/uploads\/2019\/10\/74886482_2489211561162805_966495756179472384_n-250x193.jpg 250w, https:\/\/www.giurgiuveanul.ro\/stiri\/wp-content\/uploads\/2019\/10\/74886482_2489211561162805_966495756179472384_n-400x309.jpg 400w, https:\/\/www.giurgiuveanul.ro\/stiri\/wp-content\/uploads\/2019\/10\/74886482_2489211561162805_966495756179472384_n.jpg 800w\" sizes=\"auto, (max-width: 560px) 100vw, 560px\" \/><\/a><\/p>\n<p style=\"text-align: justify;\"><a href=\"https:\/\/www.giurgiuveanul.ro\/stiri\/wp-content\/uploads\/2019\/10\/75356929_2489212717829356_5920783344349478912_n.jpg\"><img loading=\"lazy\" decoding=\"async\" class=\"aligncenter size-large wp-image-63832\" src=\"https:\/\/www.giurgiuveanul.ro\/stiri\/wp-content\/uploads\/2019\/10\/75356929_2489212717829356_5920783344349478912_n-560x277.jpg\" alt=\"75356929_2489212717829356_5920783344349478912_n\" width=\"560\" height=\"277\" srcset=\"https:\/\/www.giurgiuveanul.ro\/stiri\/wp-content\/uploads\/2019\/10\/75356929_2489212717829356_5920783344349478912_n-560x277.jpg 560w, https:\/\/www.giurgiuveanul.ro\/stiri\/wp-content\/uploads\/2019\/10\/75356929_2489212717829356_5920783344349478912_n-250x124.jpg 250w, https:\/\/www.giurgiuveanul.ro\/stiri\/wp-content\/uploads\/2019\/10\/75356929_2489212717829356_5920783344349478912_n-400x198.jpg 400w, https:\/\/www.giurgiuveanul.ro\/stiri\/wp-content\/uploads\/2019\/10\/75356929_2489212717829356_5920783344349478912_n.jpg 800w\" sizes=\"auto, (max-width: 560px) 100vw, 560px\" \/><\/a><\/p>\n<p style=\"text-align: justify;\"><a href=\"https:\/\/www.giurgiuveanul.ro\/stiri\/wp-content\/uploads\/2019\/10\/75369316_2489212697829358_8438603334880854016_n.jpg\"><img loading=\"lazy\" decoding=\"async\" class=\"aligncenter size-large wp-image-63833\" src=\"https:\/\/www.giurgiuveanul.ro\/stiri\/wp-content\/uploads\/2019\/10\/75369316_2489212697829358_8438603334880854016_n-560x253.jpg\" alt=\"75369316_2489212697829358_8438603334880854016_n\" width=\"560\" height=\"253\" srcset=\"https:\/\/www.giurgiuveanul.ro\/stiri\/wp-content\/uploads\/2019\/10\/75369316_2489212697829358_8438603334880854016_n-560x253.jpg 560w, https:\/\/www.giurgiuveanul.ro\/stiri\/wp-content\/uploads\/2019\/10\/75369316_2489212697829358_8438603334880854016_n-250x113.jpg 250w, https:\/\/www.giurgiuveanul.ro\/stiri\/wp-content\/uploads\/2019\/10\/75369316_2489212697829358_8438603334880854016_n-400x181.jpg 400w, https:\/\/www.giurgiuveanul.ro\/stiri\/wp-content\/uploads\/2019\/10\/75369316_2489212697829358_8438603334880854016_n.jpg 800w\" sizes=\"auto, (max-width: 560px) 100vw, 560px\" \/><\/a><\/p>\n<p style=\"text-align: justify;\">\n<p style=\"text-align: justify;\"><a href=\"https:\/\/www.giurgiuveanul.ro\/stiri\/wp-content\/uploads\/2019\/10\/72790545_2477661475844085_4275795811826139136_n.jpg\"><img loading=\"lazy\" decoding=\"async\" class=\"aligncenter size-large wp-image-63835\" src=\"https:\/\/www.giurgiuveanul.ro\/stiri\/wp-content\/uploads\/2019\/10\/72790545_2477661475844085_4275795811826139136_n-492x450.jpg\" alt=\"72790545_2477661475844085_4275795811826139136_n\" width=\"492\" height=\"450\" srcset=\"https:\/\/www.giurgiuveanul.ro\/stiri\/wp-content\/uploads\/2019\/10\/72790545_2477661475844085_4275795811826139136_n-492x450.jpg 492w, https:\/\/www.giurgiuveanul.ro\/stiri\/wp-content\/uploads\/2019\/10\/72790545_2477661475844085_4275795811826139136_n-250x228.jpg 250w, https:\/\/www.giurgiuveanul.ro\/stiri\/wp-content\/uploads\/2019\/10\/72790545_2477661475844085_4275795811826139136_n-400x366.jpg 400w, https:\/\/www.giurgiuveanul.ro\/stiri\/wp-content\/uploads\/2019\/10\/72790545_2477661475844085_4275795811826139136_n.jpg 800w\" sizes=\"auto, (max-width: 492px) 100vw, 492px\" \/><\/a><\/p>\n<p style=\"text-align: justify;\"><strong>Valoarea proiectului este 10.695.225,38 Lei<\/strong> (aprox. 2.300.000,00 euro) inclusiv TVA.<\/p>\n<p style=\"text-align: justify;\"><strong>Contributia CJ Giurgiu (2%) <\/strong>\u00a0este de 213.904,49 LEI.<\/p>\n<p style=\"text-align: justify;\"><strong>Durata de implementare a proiectului va fi de <\/strong>36 luni din care durata de execu\u0163ie 24 luni.<\/p>\n<p style=\"text-align: justify;\">Principala activitate a proiectului o reprezint\u0103 <strong>Reabilitarea \u015fi modernizarea construc\u0163iei existente a cl\u0103dirii ambulatoriului, \u00een suprafata de 183 mp<\/strong> \u015fi <strong>extinderea acesteia prin construc\u0163ia unui corp cladire P+1, cu toate specialit\u0103\u0163ile \u015fi utilit\u0103\u0163ile necesare<\/strong>.<\/p>\n<p style=\"text-align: justify;\">Prin proiect vor fi <strong>dotate 17 cabinete specifice<\/strong> \u015fi <strong>21 de spa\u0163ii din cadrul Ambulatoriului.<\/strong><\/p>\n<p style=\"text-align: justify;\">De asemenea s-a avut \u00een vedere \u015fi Modernizarea infrastructurii pentru \u00eembun\u0103t\u0103\u0163irea accesului fizic pentru persoanele cu dizabilit\u0103ti.<\/p>\n<p style=\"text-align: justify;\"><a href=\"https:\/\/www.giurgiuveanul.ro\/stiri\/wp-content\/uploads\/2019\/10\/72781216_2489211584496136_2144922395792637952_n.jpg\"><img loading=\"lazy\" decoding=\"async\" class=\"aligncenter size-large wp-image-63834\" src=\"https:\/\/www.giurgiuveanul.ro\/stiri\/wp-content\/uploads\/2019\/10\/72781216_2489211584496136_2144922395792637952_n-416x450.jpg\" alt=\"72781216_2489211584496136_2144922395792637952_n\" width=\"416\" height=\"450\" srcset=\"https:\/\/www.giurgiuveanul.ro\/stiri\/wp-content\/uploads\/2019\/10\/72781216_2489211584496136_2144922395792637952_n-416x450.jpg 416w, https:\/\/www.giurgiuveanul.ro\/stiri\/wp-content\/uploads\/2019\/10\/72781216_2489211584496136_2144922395792637952_n-250x270.jpg 250w, https:\/\/www.giurgiuveanul.ro\/stiri\/wp-content\/uploads\/2019\/10\/72781216_2489211584496136_2144922395792637952_n-400x432.jpg 400w, https:\/\/www.giurgiuveanul.ro\/stiri\/wp-content\/uploads\/2019\/10\/72781216_2489211584496136_2144922395792637952_n.jpg 740w\" sizes=\"auto, (max-width: 416px) 100vw, 416px\" \/><\/a><\/p>\n<p style=\"text-align: justify;\"><em>\u201eEste un moment foarte important, at\u00e2t pentru Consiliul Jude\u0163ean Giurgiu, c\u00e2t \u015fi pentru mine, ca pre\u015fedinte al acestei institu\u0163ii! \u00cei mul\u0163umesc domnului Liviu Mu\u015fat pentru \u00eentreg sprijinul acordat, pentru c\u0103 este, cu adev\u0103rat, un prieten al jude\u0163ului nostru! Le mul\u0163umesc tuturor colegilor din echipa de proiect, rolul meu ca pre\u015fedinte a fost acela de a le solicita s\u0103-l scrie \u015fi s\u0103-l depun\u0103, astfel c\u0103 meritul privind \u00eentregul efort este al lor! Giurgiu a devenit, de altfel, primul jude\u0163 din regiunea Sud-Muntenia care reu\u015fe\u015fte s\u0103 ob\u0163in\u0103 fonduri europene pentru modernizarea Ambulatoriului unui spital jude\u0163ean! Suntem m\u00e2ndri de acest lucru, dar mai ales suntem preg\u0103ti\u0163i s\u0103 trecem la urm\u0103toarele etape ale proiectului prin care vor fi reabilitate, modernizate \u015fi dotate 17 cabinete medicale \u015fi alte 21 de spa\u0163ii ale Ambulatoriului SJU Giurgiu, care, de altfel, va fi \u015fi extins\u201d<\/em>, a declarat pre\u015fedintele Consiliului Jude\u0163ean Giurgiu, <strong>Marian Mina<\/strong>.<\/p>\n","protected":false},"excerpt":{"rendered":"<p>Este vorba despre<\/p>\n","protected":false},"author":1,"featured_media":0,"comment_status":"open","ping_status":"open","sticky":false,"template":"","format":"standard","meta":{"footnotes":""},"categories":[6],"tags":[],"class_list":["post-63829","post","type-post","status-publish","format-standard","hentry","category-breaking-news"],"_links":{"self":[{"href":"https:\/\/www.giurgiuveanul.ro\/stiri\/wp-json\/wp\/v2\/posts\/63829","targetHints":{"allow":["GET"]}}],"collection":[{"href":"https:\/\/www.giurgiuveanul.ro\/stiri\/wp-json\/wp\/v2\/posts"}],"about":[{"href":"https:\/\/www.giurgiuveanul.ro\/stiri\/wp-json\/wp\/v2\/types\/post"}],"author":[{"embeddable":true,"href":"https:\/\/www.giurgiuveanul.ro\/stiri\/wp-json\/wp\/v2\/users\/1"}],"replies":[{"embeddable":true,"href":"https:\/\/www.giurgiuveanul.ro\/stiri\/wp-json\/wp\/v2\/comments?post=63829"}],"version-history":[{"count":0,"href":"https:\/\/www.giurgiuveanul.ro\/stiri\/wp-json\/wp\/v2\/posts\/63829\/revisions"}],"wp:attachment":[{"href":"https:\/\/www.giurgiuveanul.ro\/stiri\/wp-json\/wp\/v2\/media?parent=63829"}],"wp:term":[{"taxonomy":"category","embeddable":true,"href":"https:\/\/www.giurgiuveanul.ro\/stiri\/wp-json\/wp\/v2\/categories?post=63829"},{"taxonomy":"post_tag","embeddable":true,"href":"https:\/\/www.giurgiuveanul.ro\/stiri\/wp-json\/wp\/v2\/tags?post=63829"}],"curies":[{"name":"wp","href":"https:\/\/api.w.org\/{rel}","templated":true}]}}