{"id":63865,"date":"2019-10-24T18:52:53","date_gmt":"2019-10-24T15:52:53","guid":{"rendered":"https:\/\/www.giurgiuveanul.ro\/stiri\/?p=63865"},"modified":"2019-10-24T18:52:53","modified_gmt":"2019-10-24T15:52:53","slug":"iluminat-cu-lampi-stradale-led-pe-soseaua-bucuresti-tronsonul-kaufland-parc-alei","status":"publish","type":"post","link":"https:\/\/www.giurgiuveanul.ro\/stiri\/iluminat-cu-lampi-stradale-led-pe-soseaua-bucuresti-tronsonul-kaufland-parc-alei\/","title":{"rendered":"Iluminat cu l\u0103mpi stradale LED pe \u0219oseaua Bucure\u0219ti, tronsonul Kaufland-Parc Alei"},"content":{"rendered":"<p><a href=\"https:\/\/www.giurgiuveanul.ro\/stiri\/wp-content\/uploads\/2019\/10\/iluminat-exterior-ecocity-led.jpg\"><img loading=\"lazy\" decoding=\"async\" class=\"aligncenter size-large wp-image-63866\" src=\"https:\/\/www.giurgiuveanul.ro\/stiri\/wp-content\/uploads\/2019\/10\/iluminat-exterior-ecocity-led-560x320.jpg\" alt=\"iluminat-exterior-ecocity-led\" width=\"560\" height=\"320\" srcset=\"https:\/\/www.giurgiuveanul.ro\/stiri\/wp-content\/uploads\/2019\/10\/iluminat-exterior-ecocity-led-560x320.jpg 560w, https:\/\/www.giurgiuveanul.ro\/stiri\/wp-content\/uploads\/2019\/10\/iluminat-exterior-ecocity-led-250x143.jpg 250w, https:\/\/www.giurgiuveanul.ro\/stiri\/wp-content\/uploads\/2019\/10\/iluminat-exterior-ecocity-led-400x229.jpg 400w, https:\/\/www.giurgiuveanul.ro\/stiri\/wp-content\/uploads\/2019\/10\/iluminat-exterior-ecocity-led.jpg 700w\" sizes=\"auto, (max-width: 560px) 100vw, 560px\" \/><\/a>Prim\u0103ria Giurgiu<!--more--> prin Giurgiu Servicii Publice a demarat de cur\u00e2nd un proiect pilot privind iluminatul verde.<\/p>\n<p>Proiectul const\u0103 \u00een montarea de leduri la to\u021bii st\u00e2lpii de iluminat de pe \u0219oseaua Bucure\u0219ti (tronson Kaufland-Parc Alei), \u00een total fiind vorba de 260 de becuri ce vor fi \u00eenlocuite, valoarea acestui proiect fiind suportat\u0103 din bugetul local \u0219i are o valoare de aproximativ 40.000 euro.<br \/>\nDirectorul Giurgiu Servicii Publice estimeaz\u0103 c\u0103 p\u00e2n\u0103 la sf\u00e2r\u0219itul acestui an vor fi \u00eenlocuite toate becurile de pe acest tronson.<\/p>\n<div class=\"text_exposed_show\">\n<p>\u00cen prezent, se lucreaz\u0103 la documenta\u021bia pentru un alt proiect ce prevede \u00eenlocuirea a peste 5.000 de becuri cu l\u0103mpi led.<\/p>\n<\/div>\n","protected":false},"excerpt":{"rendered":"<p>Prim\u0103ria Giurgiu<\/p>\n","protected":false},"author":1,"featured_media":0,"comment_status":"open","ping_status":"open","sticky":false,"template":"","format":"standard","meta":{"footnotes":""},"categories":[6],"tags":[],"class_list":["post-63865","post","type-post","status-publish","format-standard","hentry","category-breaking-news"],"_links":{"self":[{"href":"https:\/\/www.giurgiuveanul.ro\/stiri\/wp-json\/wp\/v2\/posts\/63865","targetHints":{"allow":["GET"]}}],"collection":[{"href":"https:\/\/www.giurgiuveanul.ro\/stiri\/wp-json\/wp\/v2\/posts"}],"about":[{"href":"https:\/\/www.giurgiuveanul.ro\/stiri\/wp-json\/wp\/v2\/types\/post"}],"author":[{"embeddable":true,"href":"https:\/\/www.giurgiuveanul.ro\/stiri\/wp-json\/wp\/v2\/users\/1"}],"replies":[{"embeddable":true,"href":"https:\/\/www.giurgiuveanul.ro\/stiri\/wp-json\/wp\/v2\/comments?post=63865"}],"version-history":[{"count":0,"href":"https:\/\/www.giurgiuveanul.ro\/stiri\/wp-json\/wp\/v2\/posts\/63865\/revisions"}],"wp:attachment":[{"href":"https:\/\/www.giurgiuveanul.ro\/stiri\/wp-json\/wp\/v2\/media?parent=63865"}],"wp:term":[{"taxonomy":"category","embeddable":true,"href":"https:\/\/www.giurgiuveanul.ro\/stiri\/wp-json\/wp\/v2\/categories?post=63865"},{"taxonomy":"post_tag","embeddable":true,"href":"https:\/\/www.giurgiuveanul.ro\/stiri\/wp-json\/wp\/v2\/tags?post=63865"}],"curies":[{"name":"wp","href":"https:\/\/api.w.org\/{rel}","templated":true}]}}