{"id":63879,"date":"2019-10-25T09:22:25","date_gmt":"2019-10-25T06:22:25","guid":{"rendered":"https:\/\/www.giurgiuveanul.ro\/stiri\/?p=63879"},"modified":"2019-10-25T09:22:25","modified_gmt":"2019-10-25T06:22:25","slug":"incendiu-pe-sosea-capul-tractor-al-unui-tir-luat-foc-foto","status":"publish","type":"post","link":"https:\/\/www.giurgiuveanul.ro\/stiri\/incendiu-pe-sosea-capul-tractor-al-unui-tir-luat-foc-foto\/","title":{"rendered":"Incendiu pe \u0219osea! Capul tractor al unui TIR a luat foc! (FOTO)"},"content":{"rendered":"<p style=\"text-align: justify;\"><a href=\"https:\/\/www.giurgiuveanul.ro\/stiri\/wp-content\/uploads\/2019\/10\/WhatsApp-Image-2019-10-25-at-08.17.25.jpeg\"><img loading=\"lazy\" decoding=\"async\" class=\"aligncenter size-large wp-image-63880\" src=\"https:\/\/www.giurgiuveanul.ro\/stiri\/wp-content\/uploads\/2019\/10\/WhatsApp-Image-2019-10-25-at-08.17.25-560x420.jpeg\" alt=\"WhatsApp Image 2019-10-25 at 08.17.25\" width=\"560\" height=\"420\" srcset=\"https:\/\/www.giurgiuveanul.ro\/stiri\/wp-content\/uploads\/2019\/10\/WhatsApp-Image-2019-10-25-at-08.17.25-560x420.jpeg 560w, https:\/\/www.giurgiuveanul.ro\/stiri\/wp-content\/uploads\/2019\/10\/WhatsApp-Image-2019-10-25-at-08.17.25-250x188.jpeg 250w, https:\/\/www.giurgiuveanul.ro\/stiri\/wp-content\/uploads\/2019\/10\/WhatsApp-Image-2019-10-25-at-08.17.25-400x300.jpeg 400w, https:\/\/www.giurgiuveanul.ro\/stiri\/wp-content\/uploads\/2019\/10\/WhatsApp-Image-2019-10-25-at-08.17.25.jpeg 1599w\" sizes=\"auto, (max-width: 560px) 100vw, 560px\" \/><\/a>Capul<!--more--> tractor al unui TIR (care transportata alte trei capete tractor TIR) a luat foc, ast\u0103zi, la ora 3:30, \u00een localitatea Ghimpa\u0163i, jude\u0163ul Giurgiu.<\/p>\n<p style=\"text-align: justify;\">ISU Giurgiu a intervenit de urgen\u0163\u0103 cu echipaje de pompieri militari de la Garda Mih\u0103ile\u015fti.<\/p>\n<p style=\"text-align: justify;\">Incendiul a fost localizat \u015fi lichidat de c\u0103tre pompierii militari.<\/p>\n<p style=\"text-align: justify;\"><a href=\"https:\/\/www.giurgiuveanul.ro\/stiri\/wp-content\/uploads\/2019\/10\/WhatsApp-Image-2019-10-25-at-08.17.28.jpeg\"><img loading=\"lazy\" decoding=\"async\" class=\"aligncenter size-large wp-image-63881\" src=\"https:\/\/www.giurgiuveanul.ro\/stiri\/wp-content\/uploads\/2019\/10\/WhatsApp-Image-2019-10-25-at-08.17.28-560x420.jpeg\" alt=\"WhatsApp Image 2019-10-25 at 08.17.28\" width=\"560\" height=\"420\" srcset=\"https:\/\/www.giurgiuveanul.ro\/stiri\/wp-content\/uploads\/2019\/10\/WhatsApp-Image-2019-10-25-at-08.17.28-560x420.jpeg 560w, https:\/\/www.giurgiuveanul.ro\/stiri\/wp-content\/uploads\/2019\/10\/WhatsApp-Image-2019-10-25-at-08.17.28-250x188.jpeg 250w, https:\/\/www.giurgiuveanul.ro\/stiri\/wp-content\/uploads\/2019\/10\/WhatsApp-Image-2019-10-25-at-08.17.28-400x300.jpeg 400w, https:\/\/www.giurgiuveanul.ro\/stiri\/wp-content\/uploads\/2019\/10\/WhatsApp-Image-2019-10-25-at-08.17.28.jpeg 1599w\" sizes=\"auto, (max-width: 560px) 100vw, 560px\" \/><\/a><\/p>\n<p style=\"text-align: justify;\">Potrivit ISU Giurgiu, cauza incendiului ar fi fost scurgerea de lichide combustibile (pe motorul autovehicului), acesta pornind din zona compartimentului motor.<\/p>\n","protected":false},"excerpt":{"rendered":"<p>Capul<\/p>\n","protected":false},"author":1,"featured_media":0,"comment_status":"open","ping_status":"open","sticky":false,"template":"","format":"standard","meta":{"footnotes":""},"categories":[6],"tags":[],"class_list":["post-63879","post","type-post","status-publish","format-standard","hentry","category-breaking-news"],"_links":{"self":[{"href":"https:\/\/www.giurgiuveanul.ro\/stiri\/wp-json\/wp\/v2\/posts\/63879","targetHints":{"allow":["GET"]}}],"collection":[{"href":"https:\/\/www.giurgiuveanul.ro\/stiri\/wp-json\/wp\/v2\/posts"}],"about":[{"href":"https:\/\/www.giurgiuveanul.ro\/stiri\/wp-json\/wp\/v2\/types\/post"}],"author":[{"embeddable":true,"href":"https:\/\/www.giurgiuveanul.ro\/stiri\/wp-json\/wp\/v2\/users\/1"}],"replies":[{"embeddable":true,"href":"https:\/\/www.giurgiuveanul.ro\/stiri\/wp-json\/wp\/v2\/comments?post=63879"}],"version-history":[{"count":0,"href":"https:\/\/www.giurgiuveanul.ro\/stiri\/wp-json\/wp\/v2\/posts\/63879\/revisions"}],"wp:attachment":[{"href":"https:\/\/www.giurgiuveanul.ro\/stiri\/wp-json\/wp\/v2\/media?parent=63879"}],"wp:term":[{"taxonomy":"category","embeddable":true,"href":"https:\/\/www.giurgiuveanul.ro\/stiri\/wp-json\/wp\/v2\/categories?post=63879"},{"taxonomy":"post_tag","embeddable":true,"href":"https:\/\/www.giurgiuveanul.ro\/stiri\/wp-json\/wp\/v2\/tags?post=63879"}],"curies":[{"name":"wp","href":"https:\/\/api.w.org\/{rel}","templated":true}]}}