{"id":63883,"date":"2019-10-25T20:21:44","date_gmt":"2019-10-25T17:21:44","guid":{"rendered":"https:\/\/www.giurgiuveanul.ro\/stiri\/?p=63883"},"modified":"2019-10-25T20:21:44","modified_gmt":"2019-10-25T17:21:44","slug":"doua-importante-distinctii-pentru-colegiul-national-ion-maiorescu-din-giurgiu-foto","status":"publish","type":"post","link":"https:\/\/www.giurgiuveanul.ro\/stiri\/doua-importante-distinctii-pentru-colegiul-national-ion-maiorescu-din-giurgiu-foto\/","title":{"rendered":"Dou\u0103 importante distinc\u0163ii pentru Colegiul Na\u0163ional \u201eIon Maiorescu\u201d din Giurgiu! (FOTO)"},"content":{"rendered":"<p style=\"text-align: justify;\"><strong><a href=\"https:\/\/www.giurgiuveanul.ro\/stiri\/wp-content\/uploads\/2019\/10\/thumbnail-1.jpg\"><img loading=\"lazy\" decoding=\"async\" class=\"aligncenter size-large wp-image-63884\" src=\"https:\/\/www.giurgiuveanul.ro\/stiri\/wp-content\/uploads\/2019\/10\/thumbnail-1-560x420.jpg\" alt=\"thumbnail (1)\" width=\"560\" height=\"420\" srcset=\"https:\/\/www.giurgiuveanul.ro\/stiri\/wp-content\/uploads\/2019\/10\/thumbnail-1-560x420.jpg 560w, https:\/\/www.giurgiuveanul.ro\/stiri\/wp-content\/uploads\/2019\/10\/thumbnail-1-250x188.jpg 250w, https:\/\/www.giurgiuveanul.ro\/stiri\/wp-content\/uploads\/2019\/10\/thumbnail-1-400x300.jpg 400w, https:\/\/www.giurgiuveanul.ro\/stiri\/wp-content\/uploads\/2019\/10\/thumbnail-1.jpg 1080w\" sizes=\"auto, (max-width: 560px) 100vw, 560px\" \/><\/a>Cu deosebit\u0103 onoare \u015fi bucurie v\u0103 aducem la cuno\u015ftin\u0163\u0103<!--more--> c\u0103 pentru excelenta in educatie adusa de\u00a0Colegiul Na\u0163ional \u201cIon Maiorescu\u201d din Giurgiu, membru activ al \u201cAliantei Colegiilor Centenare\u201d din Romania, in cei 150 de ani de activitatea ne\u00eentrerupt\u0103, a fost distins de c\u0103tre\u00a0Academia Rom\u00e2n\u0103\u00a0 cu &#8222;Distinctia Culturala&#8221; \u015fi de c\u0103tre Casa Regal\u0103 cu distinc\u0163ia &#8222;Crucea Casei Regale a Rom\u00e2niei&#8221;.<\/strong><\/p>\n<p style=\"text-align: justify;\"><a href=\"https:\/\/www.giurgiuveanul.ro\/stiri\/wp-content\/uploads\/2019\/10\/thumbnail2.jpg\"><img loading=\"lazy\" decoding=\"async\" class=\"aligncenter size-large wp-image-63885\" src=\"https:\/\/www.giurgiuveanul.ro\/stiri\/wp-content\/uploads\/2019\/10\/thumbnail2-560x420.jpg\" alt=\"thumbnail\" width=\"560\" height=\"420\" srcset=\"https:\/\/www.giurgiuveanul.ro\/stiri\/wp-content\/uploads\/2019\/10\/thumbnail2-560x420.jpg 560w, https:\/\/www.giurgiuveanul.ro\/stiri\/wp-content\/uploads\/2019\/10\/thumbnail2-250x188.jpg 250w, https:\/\/www.giurgiuveanul.ro\/stiri\/wp-content\/uploads\/2019\/10\/thumbnail2-400x300.jpg 400w, https:\/\/www.giurgiuveanul.ro\/stiri\/wp-content\/uploads\/2019\/10\/thumbnail2.jpg 1080w\" sizes=\"auto, (max-width: 560px) 100vw, 560px\" \/><\/a><\/p>\n<p style=\"text-align: justify;\">Colegiul Na\u0163ional \u201cIon Maiorescu\u201d, \u00eenfiin\u0163at \u00een 1869, a avut o contribu\u0163ie important\u0103 la dezvoltarea \u00eenv\u0103\u0163\u0103m\u00e2ntului, culturii, \u015ftiin\u0163ei \u015fi sportului la nivel local, regional, na\u0163ional \u015fi chiar interna\u0163ional. Aceast\u0103 activitate a fost apreciat\u0103 de c\u0103tre institu\u0163ii \u015fi autorit\u0103\u0163i locale sau na\u0163ionale. Astfel, men\u0163ion\u0103m c\u0103 \u00een anul 2014, cu ocazia \u00eemplinirii a 145 de ani de existen\u0163\u0103, Ministerul Educa\u0163iei Na\u0163ionale a acordat Colegiului Na\u0163ional \u201cIon Maiorescu\u201d Placheta \u015fi Diploma aniversar\u0103 \u201cNicolae Iorga\u201d.<\/p>\n<div>\n<p class=\"yiv2491352698ydpa6e84f5fMsoNormal\" style=\"text-align: justify;\">\u00cen cadrul Colegiului Na\u0163ional \u201cIon Maiorescu\u201d\u00a0\u00a0\u00ee\u015fi desf\u0103\u015foar\u0103 activitatea numeroase cadre didactice cu o bogat\u0103 experien\u0163\u0103 \u015ftiin\u0163ific\u0103, pedagogic\u0103 \u015fi managerial\u0103, \u015fi care fac parte din numeroase organisme menite s\u0103 contribuie la dezvoltarea \u00eenv\u0103\u0163\u0103m\u00e2ntului pe plan local dar \u015fi na\u0163ional: Corpul Na\u0163ional al Exper\u0163ilor \u00een Management Educa\u0163ional,\u00a0\u00a0ARACIP \u015fi diferite grupuri de lucru pentru elaborare de programe, regulamente. Profesorii din unitatea noastr\u0103 sunt, \u00een permanen\u0163\u0103, preocupa\u0163i de dezvoltarea personal\u0103 \u015ftiin\u0163ific\u0103 \u015fi pedagogic\u0103, de cele mai noi descoperiri \u00een domeniile de activitate, de mijloacele \u015fi metodele moderne ce pot fi utilizate \u00een procesul instructiv-educativ. Astfel, ace\u015ftia au desf\u0103\u015furat o bogat\u0103 activitate de cercetare \u015ftiin\u0163ific\u0103 \u015fi pedagogic\u0103 concretizat\u0103 \u00een ob\u0163inerea a: 3 titluri de \u201cdoctor\u201d, 9 titluri de \u201cmaster\u201d \u015fi numeroase certificate de formare profesional\u0103. Lucr\u0103rile \u015ftiin\u0163ifice sau pedagogice (c\u0103r\u0163i, articole) elaborate de c\u0103tre personalul didactic al Colegiului au fost publicate \u015fi apreciate de publicul \u0163int\u0103 (elevi sau cadre didactice). De asemenea, personalul didactic al Colegiului este alc\u0103tuit din cadre didactice cu experien\u0163\u0103, preocupate \u015fi de dezvoltarea unor abilit\u0103\u0163i \u015fi \u00eembun\u0103t\u0103\u0163irea cuno\u015ftin\u0163elor cadrelor didactice aflate la \u00eenceputul carierei. Astfel, profesorii din cadrul Colegiului Na\u0163ional \u201cIon Maiorescu\u201d au furnizat formare \u00een cadrul unor programe dezvoltate la nivel na\u0163ional (Ministerul Educa\u0163iei Na\u0163ionale) sau jude\u0163ean (Casa Corpului Didactic Giurgiu) \u015fi au desf\u0103\u015furat activit\u0103\u0163i de profesor metodist sau de mentor.<\/p>\n<p class=\"yiv2491352698ydpa6e84f5fMsoNormal\" style=\"text-align: justify;\">Indruma\u0163i de profesorii lor, elevii Colegiului Na\u0163ional \u201cIon Maiorescu\u201d, au participat \u00een fiecare an la Olimpiadele \u015fi concursurile \u015fcolare calific\u00e2ndu-se la etapele na\u0163ionale ale acestora \u015fi ob\u0163in\u00e2nd performan\u0163e profesionale remarcabile. Rezultatele sunt prezentate \u00een extrasele\u00a0\u00a0din rapoartele asupra desf\u0103\u015fur\u0103rii activit\u0103\u0163ii instructiv educative 2013-2018 \u015fi situeaz\u0103 Colegiul Na\u0163ional \u201cIon Maiorescu \u201d pe locul I, la nivel jude\u0163ean, \u00een ceea ce prive\u015fte num\u0103rul de premii ob\u0163inute (anexa 1). Rata de promovare a examenului de bacalaureat s-a situat constant peste media na\u0163ional\u0103, raportat\u0103 la filiera teoretic\u0103 ( 90,76%).<\/p>\n<table class=\"yiv2491352698ydpa6e84f5fMsoNormalTable\" border=\"1\" cellspacing=\"0\" cellpadding=\"0\">\n<tbody>\n<tr>\n<td valign=\"top\" width=\"101\">\n<p style=\"text-align: center;\"><span lang=\"RO\">Anul<\/span><\/p>\n<\/td>\n<td style=\"text-align: center;\" valign=\"top\" width=\"303\">\n<p align=\"center\"><span lang=\"RO\">Rata de promovare cumulat\u0103<\/span><\/p>\n<\/td>\n<\/tr>\n<tr>\n<td valign=\"top\" width=\"101\"><span lang=\"RO\">2015<\/span><\/td>\n<td valign=\"top\" width=\"303\">\n<p align=\"center\"><span lang=\"RO\">91,21%<\/span><\/p>\n<\/td>\n<\/tr>\n<tr>\n<td valign=\"top\" width=\"101\"><span lang=\"RO\">2016<\/span><\/td>\n<td valign=\"top\" width=\"303\">\n<p align=\"center\"><span lang=\"RO\">91,24%<\/span><\/p>\n<\/td>\n<\/tr>\n<tr>\n<td valign=\"top\" width=\"101\"><span lang=\"RO\">2017<\/span><\/td>\n<td valign=\"top\" width=\"303\">\n<p align=\"center\"><span lang=\"RO\">95,96%<\/span><\/p>\n<\/td>\n<\/tr>\n<tr>\n<td valign=\"top\" width=\"101\"><span lang=\"RO\">2018<\/span><\/p>\n<p><span lang=\"RO\"><b>2019<\/b><\/span><\/td>\n<td valign=\"top\" width=\"303\">\n<p align=\"center\"><span lang=\"RO\">96,98%<\/span><\/p>\n<p><span lang=\"RO\">\u00a0<\/span><\/td>\n<\/tr>\n<\/tbody>\n<\/table>\n<p class=\"yiv2491352698ydpa6e84f5fMsoNormal\" style=\"text-align: justify;\">\nDe-a lungul timpului, at\u00e2t cadre didactice ale Colegiului c\u00e2t \u015fi fo\u015fti elevi au devenit personalit\u0103\u0163i marcante ale vie\u0163ii \u015ftiin\u0163ifice, culturale, sociale \u015fi sportive la nivel regional, na\u0163ional \u015fi\/sau interna\u0163ional.<\/p>\n<div style=\"text-align: justify;\">De asemenea pentru a cre\u015fte calitatea activit\u0103\u0163ilor \u015ftiin\u0163ifice \u015fi educative s-au \u00eencheiat parteneriate de colaborare cu diferite institu\u0163ii: Prim\u0103ria Municipiului Giurgiu,\u00a0\u00a0Corul Na\u0163ional de Camer\u0103 \u201cMadrigal \u2013 M. Constantin\u201d,\u00a0Biblioteca Jude\u021bean\u0103 \u201eI.A. Basarabescu\u201d, Crucea Ro\u0219ie Giurgiu, Asocia\u021bia Ro-Rec\u2013 \u00een cadrul proiectului na\u021bional\u201d Patrula de reciclare\u201d, ESOL examination, Junior Achievement Rom\u00e2nia, E.C.D.L. Rom\u00e2nia, Institutul Goethe, Bucure\u015fti,\u00a0Ateneul \u201cNicolae\u00a0\u00a0B\u0103l\u0103nescu\u201d, etc.<\/div>\n<\/div>\n<div style=\"text-align: justify;\"><\/div>\n<div dir=\"ltr\" style=\"text-align: justify;\">Am fi extrem de onora\u0163i dac\u0103 v-a\u0163i al\u0103tura ceremoniilor pe care dorim s\u0103 le organiz\u0103m cu prilejul acestui moment unic in perioada <strong>28 octombrie &#8211; 4 noiembrie a.c.<\/strong>.<\/div>\n<div dir=\"ltr\" style=\"text-align: justify;\"><\/div>\n<p class=\"yiv2491352698ydpa6e84f5fMsoNormal\" style=\"text-align: center;\">Coducerea Scolii<br \/>\nDir. Corina Anton, Dir. Adj. Claudia Badarau<br \/>\nsi Asociatia &#8222;Pro Maiorescu&#8221;<\/p>\n","protected":false},"excerpt":{"rendered":"<p>Cu deosebit\u0103 onoare \u015fi bucurie v\u0103 aducem la cuno\u015ftin\u0163\u0103<\/p>\n","protected":false},"author":1,"featured_media":0,"comment_status":"open","ping_status":"open","sticky":false,"template":"","format":"standard","meta":{"footnotes":""},"categories":[6],"tags":[],"class_list":["post-63883","post","type-post","status-publish","format-standard","hentry","category-breaking-news"],"_links":{"self":[{"href":"https:\/\/www.giurgiuveanul.ro\/stiri\/wp-json\/wp\/v2\/posts\/63883","targetHints":{"allow":["GET"]}}],"collection":[{"href":"https:\/\/www.giurgiuveanul.ro\/stiri\/wp-json\/wp\/v2\/posts"}],"about":[{"href":"https:\/\/www.giurgiuveanul.ro\/stiri\/wp-json\/wp\/v2\/types\/post"}],"author":[{"embeddable":true,"href":"https:\/\/www.giurgiuveanul.ro\/stiri\/wp-json\/wp\/v2\/users\/1"}],"replies":[{"embeddable":true,"href":"https:\/\/www.giurgiuveanul.ro\/stiri\/wp-json\/wp\/v2\/comments?post=63883"}],"version-history":[{"count":0,"href":"https:\/\/www.giurgiuveanul.ro\/stiri\/wp-json\/wp\/v2\/posts\/63883\/revisions"}],"wp:attachment":[{"href":"https:\/\/www.giurgiuveanul.ro\/stiri\/wp-json\/wp\/v2\/media?parent=63883"}],"wp:term":[{"taxonomy":"category","embeddable":true,"href":"https:\/\/www.giurgiuveanul.ro\/stiri\/wp-json\/wp\/v2\/categories?post=63883"},{"taxonomy":"post_tag","embeddable":true,"href":"https:\/\/www.giurgiuveanul.ro\/stiri\/wp-json\/wp\/v2\/tags?post=63883"}],"curies":[{"name":"wp","href":"https:\/\/api.w.org\/{rel}","templated":true}]}}