{"id":63900,"date":"2019-10-27T13:08:58","date_gmt":"2019-10-27T11:08:58","guid":{"rendered":"https:\/\/www.giurgiuveanul.ro\/stiri\/?p=63900"},"modified":"2019-10-27T13:20:39","modified_gmt":"2019-10-27T11:20:39","slug":"sfarsit-tragic-pentru-barbat-din-giurgiu-murit-din-cauza-unei-tigari","status":"publish","type":"post","link":"https:\/\/www.giurgiuveanul.ro\/stiri\/sfarsit-tragic-pentru-barbat-din-giurgiu-murit-din-cauza-unei-tigari\/","title":{"rendered":"Sf\u00e2r\u0219it tragic pentru un b\u0103rbat din Giurgiu! A murit din cauza unei \u021big\u0103ri&#8230;"},"content":{"rendered":"<p style=\"text-align: justify;\"><strong><a href=\"https:\/\/www.giurgiuveanul.ro\/stiri\/wp-content\/uploads\/2019\/10\/pompieri_leova_XL.jpg\"><img loading=\"lazy\" decoding=\"async\" class=\"aligncenter size-large wp-image-63901\" src=\"https:\/\/www.giurgiuveanul.ro\/stiri\/wp-content\/uploads\/2019\/10\/pompieri_leova_XL-560x374.jpg\" alt=\"pompieri_leova_XL\" width=\"560\" height=\"374\" srcset=\"https:\/\/www.giurgiuveanul.ro\/stiri\/wp-content\/uploads\/2019\/10\/pompieri_leova_XL-560x374.jpg 560w, https:\/\/www.giurgiuveanul.ro\/stiri\/wp-content\/uploads\/2019\/10\/pompieri_leova_XL-250x167.jpg 250w, https:\/\/www.giurgiuveanul.ro\/stiri\/wp-content\/uploads\/2019\/10\/pompieri_leova_XL-400x267.jpg 400w, https:\/\/www.giurgiuveanul.ro\/stiri\/wp-content\/uploads\/2019\/10\/pompieri_leova_XL.jpg 850w\" sizes=\"auto, (max-width: 560px) 100vw, 560px\" \/><\/a>Un b\u0103rbat, \u00een v\u00e2rst\u0103 de<!--more--> 64 de ani, din jude\u021bul Giurgiu, a murit ars \u00een propria cas\u0103, dup\u0103 ce a adormit cu \u021bigara aprins\u0103, care ulterior a c\u0103zut pe materiale combustibile, sunt de p\u0103rere reprezentan\u0163ii ISU Giurgiu.<\/strong><\/p>\n<p style=\"text-align: justify;\">Tragedia s-a produs recent, la S\u0103b\u0103reni.<\/p>\n<p style=\"text-align: justify;\">Incendiul s-a manifestat \u00eentr-una din camerele casei de locuit, arz\u00e2nd c\u00e2teva elemente de mobilier.<\/p>\n<p style=\"text-align: justify;\">Din nefericire, \u00een camera \u00een care s-a manifestat incendiul a fost identificat\u0103 o persoan\u0103 de sex masculin, \u00een v\u00e2rst\u0103 de 64 de ani, cu probleme locomotorii, victima fiind g\u0103sit\u0103 decedat\u0103, mai informeaz\u0103 Pompierii.<\/p>\n<p style=\"text-align: justify;\">Incendiul a izbucnit din cauza unor tigari c\u0103zute pe materiale combustibile din camer\u0103.<\/p>\n","protected":false},"excerpt":{"rendered":"<p>Un b\u0103rbat, \u00een v\u00e2rst\u0103 de<\/p>\n","protected":false},"author":1,"featured_media":0,"comment_status":"open","ping_status":"open","sticky":false,"template":"","format":"standard","meta":{"footnotes":""},"categories":[6],"tags":[],"class_list":["post-63900","post","type-post","status-publish","format-standard","hentry","category-breaking-news"],"_links":{"self":[{"href":"https:\/\/www.giurgiuveanul.ro\/stiri\/wp-json\/wp\/v2\/posts\/63900","targetHints":{"allow":["GET"]}}],"collection":[{"href":"https:\/\/www.giurgiuveanul.ro\/stiri\/wp-json\/wp\/v2\/posts"}],"about":[{"href":"https:\/\/www.giurgiuveanul.ro\/stiri\/wp-json\/wp\/v2\/types\/post"}],"author":[{"embeddable":true,"href":"https:\/\/www.giurgiuveanul.ro\/stiri\/wp-json\/wp\/v2\/users\/1"}],"replies":[{"embeddable":true,"href":"https:\/\/www.giurgiuveanul.ro\/stiri\/wp-json\/wp\/v2\/comments?post=63900"}],"version-history":[{"count":0,"href":"https:\/\/www.giurgiuveanul.ro\/stiri\/wp-json\/wp\/v2\/posts\/63900\/revisions"}],"wp:attachment":[{"href":"https:\/\/www.giurgiuveanul.ro\/stiri\/wp-json\/wp\/v2\/media?parent=63900"}],"wp:term":[{"taxonomy":"category","embeddable":true,"href":"https:\/\/www.giurgiuveanul.ro\/stiri\/wp-json\/wp\/v2\/categories?post=63900"},{"taxonomy":"post_tag","embeddable":true,"href":"https:\/\/www.giurgiuveanul.ro\/stiri\/wp-json\/wp\/v2\/tags?post=63900"}],"curies":[{"name":"wp","href":"https:\/\/api.w.org\/{rel}","templated":true}]}}