{"id":63918,"date":"2019-10-28T10:51:37","date_gmt":"2019-10-28T08:51:37","guid":{"rendered":"https:\/\/www.giurgiuveanul.ro\/stiri\/?p=63918"},"modified":"2019-10-28T11:16:49","modified_gmt":"2019-10-28T09:16:49","slug":"cornel-amariei-unul-mai-importanti-tineri-inventatori-ai-lumii-in-mijlocul-elevilor-de-la-scoala-nr-1-din-gaiseni-foto","status":"publish","type":"post","link":"https:\/\/www.giurgiuveanul.ro\/stiri\/cornel-amariei-unul-mai-importanti-tineri-inventatori-ai-lumii-in-mijlocul-elevilor-de-la-scoala-nr-1-din-gaiseni-foto\/","title":{"rendered":"Cornel Amariei, unul dintre cei mai importan\u021bi tineri inventatori ai lumii, \u00een mijlocul elevilor de la \u015ecoala nr.1 din G\u0103iseni! (FOTO)"},"content":{"rendered":"<p style=\"text-align: justify;\"><strong><a href=\"https:\/\/www.giurgiuveanul.ro\/stiri\/wp-content\/uploads\/2019\/10\/73146904_809127362864810_5131119105507590144_n.jpg\"><img loading=\"lazy\" decoding=\"async\" class=\"aligncenter size-large wp-image-63919\" src=\"https:\/\/www.giurgiuveanul.ro\/stiri\/wp-content\/uploads\/2019\/10\/73146904_809127362864810_5131119105507590144_n-560x420.jpg\" alt=\"73146904_809127362864810_5131119105507590144_n\" width=\"560\" height=\"420\" srcset=\"https:\/\/www.giurgiuveanul.ro\/stiri\/wp-content\/uploads\/2019\/10\/73146904_809127362864810_5131119105507590144_n-560x420.jpg 560w, https:\/\/www.giurgiuveanul.ro\/stiri\/wp-content\/uploads\/2019\/10\/73146904_809127362864810_5131119105507590144_n-250x188.jpg 250w, https:\/\/www.giurgiuveanul.ro\/stiri\/wp-content\/uploads\/2019\/10\/73146904_809127362864810_5131119105507590144_n-400x300.jpg 400w, https:\/\/www.giurgiuveanul.ro\/stiri\/wp-content\/uploads\/2019\/10\/73146904_809127362864810_5131119105507590144_n.jpg 2048w\" sizes=\"auto, (max-width: 560px) 100vw, 560px\" \/><\/a>\u0218coala Gimnazial\u0103 nr 1 G\u0103iseni<!--more--> a fost recent gazd\u0103 pentru Cornel Amariei, un t\u00e2n\u0103r rom\u00e2n, care face parte din selecta galerie a celor mai importan\u021bi tineri inventatori ai lumii.<\/strong><\/p>\n<p>\u00cencuraja\u021bi de firea calm\u0103, dar volubil\u0103 \u0219i de abordarea deschis\u0103 \u0219i prietenoas\u0103 a lui Cornel Amariei, \u00een care elevii de la \u015fcoala din G\u0103iseni au v\u0103zut un spirit apropiat, a c\u0103rui mentalitate are multe puncte comune cu a lor, tinerii l-au ascultat cu interes. Apoi, au renun\u021bat la ezit\u0103ri \u0219i i-au pus \u00eentreb\u0103ri\u2026 r\u0103spunsurile fiind pe m\u0103sur\u0103.<\/p>\n<p style=\"text-align: justify;\"><a href=\"https:\/\/www.giurgiuveanul.ro\/stiri\/wp-content\/uploads\/2019\/10\/74389405_2434175936904501_4385055291595554816_n.jpg\"><img loading=\"lazy\" decoding=\"async\" class=\"aligncenter size-large wp-image-63920\" src=\"https:\/\/www.giurgiuveanul.ro\/stiri\/wp-content\/uploads\/2019\/10\/74389405_2434175936904501_4385055291595554816_n-338x450.jpg\" alt=\"74389405_2434175936904501_4385055291595554816_n\" width=\"338\" height=\"450\" srcset=\"https:\/\/www.giurgiuveanul.ro\/stiri\/wp-content\/uploads\/2019\/10\/74389405_2434175936904501_4385055291595554816_n-338x450.jpg 338w, https:\/\/www.giurgiuveanul.ro\/stiri\/wp-content\/uploads\/2019\/10\/74389405_2434175936904501_4385055291595554816_n-225x300.jpg 225w, https:\/\/www.giurgiuveanul.ro\/stiri\/wp-content\/uploads\/2019\/10\/74389405_2434175936904501_4385055291595554816_n-400x533.jpg 400w, https:\/\/www.giurgiuveanul.ro\/stiri\/wp-content\/uploads\/2019\/10\/74389405_2434175936904501_4385055291595554816_n.jpg 720w\" sizes=\"auto, (max-width: 338px) 100vw, 338px\" \/><\/a><\/p>\n<p style=\"text-align: justify;\"><a href=\"https:\/\/www.giurgiuveanul.ro\/stiri\/wp-content\/uploads\/2019\/10\/73262653_527203731162017_9212272853519433728_n.jpg\"><img loading=\"lazy\" decoding=\"async\" class=\"aligncenter size-large wp-image-63921\" src=\"https:\/\/www.giurgiuveanul.ro\/stiri\/wp-content\/uploads\/2019\/10\/73262653_527203731162017_9212272853519433728_n-560x420.jpg\" alt=\"73262653_527203731162017_9212272853519433728_n\" width=\"560\" height=\"420\" srcset=\"https:\/\/www.giurgiuveanul.ro\/stiri\/wp-content\/uploads\/2019\/10\/73262653_527203731162017_9212272853519433728_n-560x420.jpg 560w, https:\/\/www.giurgiuveanul.ro\/stiri\/wp-content\/uploads\/2019\/10\/73262653_527203731162017_9212272853519433728_n-250x188.jpg 250w, https:\/\/www.giurgiuveanul.ro\/stiri\/wp-content\/uploads\/2019\/10\/73262653_527203731162017_9212272853519433728_n-400x300.jpg 400w, https:\/\/www.giurgiuveanul.ro\/stiri\/wp-content\/uploads\/2019\/10\/73262653_527203731162017_9212272853519433728_n.jpg 2048w\" sizes=\"auto, (max-width: 560px) 100vw, 560px\" \/><\/a><\/p>\n<p style=\"text-align: justify;\"><a href=\"https:\/\/www.giurgiuveanul.ro\/stiri\/wp-content\/uploads\/2019\/10\/73539725_768903590218484_4203646357027684352_n.jpg\"><img loading=\"lazy\" decoding=\"async\" class=\"aligncenter size-large wp-image-63922\" src=\"https:\/\/www.giurgiuveanul.ro\/stiri\/wp-content\/uploads\/2019\/10\/73539725_768903590218484_4203646357027684352_n-338x450.jpg\" alt=\"73539725_768903590218484_4203646357027684352_n\" width=\"338\" height=\"450\" srcset=\"https:\/\/www.giurgiuveanul.ro\/stiri\/wp-content\/uploads\/2019\/10\/73539725_768903590218484_4203646357027684352_n-338x450.jpg 338w, https:\/\/www.giurgiuveanul.ro\/stiri\/wp-content\/uploads\/2019\/10\/73539725_768903590218484_4203646357027684352_n-225x300.jpg 225w, https:\/\/www.giurgiuveanul.ro\/stiri\/wp-content\/uploads\/2019\/10\/73539725_768903590218484_4203646357027684352_n-400x533.jpg 400w, https:\/\/www.giurgiuveanul.ro\/stiri\/wp-content\/uploads\/2019\/10\/73539725_768903590218484_4203646357027684352_n.jpg 672w\" sizes=\"auto, (max-width: 338px) 100vw, 338px\" \/><\/a><\/p>\n<p style=\"text-align: justify;\"><a href=\"https:\/\/www.giurgiuveanul.ro\/stiri\/wp-content\/uploads\/2019\/10\/75233698_419385002110399_6141118151636549632_n.jpg\"><img loading=\"lazy\" decoding=\"async\" class=\"aligncenter size-large wp-image-63923\" src=\"https:\/\/www.giurgiuveanul.ro\/stiri\/wp-content\/uploads\/2019\/10\/75233698_419385002110399_6141118151636549632_n-338x450.jpg\" alt=\"75233698_419385002110399_6141118151636549632_n\" width=\"338\" height=\"450\" srcset=\"https:\/\/www.giurgiuveanul.ro\/stiri\/wp-content\/uploads\/2019\/10\/75233698_419385002110399_6141118151636549632_n-338x450.jpg 338w, https:\/\/www.giurgiuveanul.ro\/stiri\/wp-content\/uploads\/2019\/10\/75233698_419385002110399_6141118151636549632_n-225x300.jpg 225w, https:\/\/www.giurgiuveanul.ro\/stiri\/wp-content\/uploads\/2019\/10\/75233698_419385002110399_6141118151636549632_n-400x533.jpg 400w, https:\/\/www.giurgiuveanul.ro\/stiri\/wp-content\/uploads\/2019\/10\/75233698_419385002110399_6141118151636549632_n.jpg 672w\" sizes=\"auto, (max-width: 338px) 100vw, 338px\" \/><\/a><\/p>\n<p style=\"text-align: justify;\"><a href=\"https:\/\/www.giurgiuveanul.ro\/stiri\/wp-content\/uploads\/2019\/10\/75349178_970710069974665_8097942003729301504_n.jpg\"><img loading=\"lazy\" decoding=\"async\" class=\"aligncenter size-large wp-image-63924\" src=\"https:\/\/www.giurgiuveanul.ro\/stiri\/wp-content\/uploads\/2019\/10\/75349178_970710069974665_8097942003729301504_n-560x420.jpg\" alt=\"75349178_970710069974665_8097942003729301504_n\" width=\"560\" height=\"420\" srcset=\"https:\/\/www.giurgiuveanul.ro\/stiri\/wp-content\/uploads\/2019\/10\/75349178_970710069974665_8097942003729301504_n-560x420.jpg 560w, https:\/\/www.giurgiuveanul.ro\/stiri\/wp-content\/uploads\/2019\/10\/75349178_970710069974665_8097942003729301504_n-250x188.jpg 250w, https:\/\/www.giurgiuveanul.ro\/stiri\/wp-content\/uploads\/2019\/10\/75349178_970710069974665_8097942003729301504_n-400x300.jpg 400w, https:\/\/www.giurgiuveanul.ro\/stiri\/wp-content\/uploads\/2019\/10\/75349178_970710069974665_8097942003729301504_n.jpg 1024w\" sizes=\"auto, (max-width: 560px) 100vw, 560px\" \/><\/a><\/p>\n<p style=\"text-align: justify;\"><strong>Cornel Amariei<\/strong> este, la 24 de ani, unul din cei 20 de finali\u0219ti ai competi\u021biei interna\u021bionale Ten Outstanding Young Persons 2018. Sibianul cu o minte sclipitoare \u00eenv\u0103\u021ba deja la trei ani s\u0103 citeasc\u0103, iar la 14 ani primea o medalie interna\u021bional\u0103 pentru un mecanism de siguran\u021b\u0103 a locuin\u021belor.<\/p>\n<p style=\"text-align: justify;\">La momentul actual, se poate l\u0103uda cu 50 de inven\u021bii \u00een curs de patentare, printre care se num\u0103r\u0103 \u0219i ochelarii pentru nev\u0103z\u0103tori.<\/p>\n<p style=\"text-align: justify;\">Forbes USA spune despre el c\u0103 este <strong>unul dintre cei mai influen\u0163i 300 de tineri din Europa<\/strong>, iar cei de la Real Leaders l-au invitat \u00eentr-un alt club select: <strong>100 de tineri vizionari care ar putea contura un viitor mai bun pentru omenire.<\/strong><\/p>\n","protected":false},"excerpt":{"rendered":"<p>\u0218coala Gimnazial\u0103 nr 1 G\u0103iseni<\/p>\n","protected":false},"author":1,"featured_media":0,"comment_status":"open","ping_status":"open","sticky":false,"template":"","format":"standard","meta":{"footnotes":""},"categories":[6],"tags":[],"class_list":["post-63918","post","type-post","status-publish","format-standard","hentry","category-breaking-news"],"_links":{"self":[{"href":"https:\/\/www.giurgiuveanul.ro\/stiri\/wp-json\/wp\/v2\/posts\/63918","targetHints":{"allow":["GET"]}}],"collection":[{"href":"https:\/\/www.giurgiuveanul.ro\/stiri\/wp-json\/wp\/v2\/posts"}],"about":[{"href":"https:\/\/www.giurgiuveanul.ro\/stiri\/wp-json\/wp\/v2\/types\/post"}],"author":[{"embeddable":true,"href":"https:\/\/www.giurgiuveanul.ro\/stiri\/wp-json\/wp\/v2\/users\/1"}],"replies":[{"embeddable":true,"href":"https:\/\/www.giurgiuveanul.ro\/stiri\/wp-json\/wp\/v2\/comments?post=63918"}],"version-history":[{"count":0,"href":"https:\/\/www.giurgiuveanul.ro\/stiri\/wp-json\/wp\/v2\/posts\/63918\/revisions"}],"wp:attachment":[{"href":"https:\/\/www.giurgiuveanul.ro\/stiri\/wp-json\/wp\/v2\/media?parent=63918"}],"wp:term":[{"taxonomy":"category","embeddable":true,"href":"https:\/\/www.giurgiuveanul.ro\/stiri\/wp-json\/wp\/v2\/categories?post=63918"},{"taxonomy":"post_tag","embeddable":true,"href":"https:\/\/www.giurgiuveanul.ro\/stiri\/wp-json\/wp\/v2\/tags?post=63918"}],"curies":[{"name":"wp","href":"https:\/\/api.w.org\/{rel}","templated":true}]}}