{"id":63932,"date":"2019-10-28T11:56:54","date_gmt":"2019-10-28T09:56:54","guid":{"rendered":"https:\/\/www.giurgiuveanul.ro\/stiri\/?p=63932"},"modified":"2019-10-28T11:56:54","modified_gmt":"2019-10-28T09:56:54","slug":"salariul-minim-pe-economie-va-creste-de-la-1-ianuarie","status":"publish","type":"post","link":"https:\/\/www.giurgiuveanul.ro\/stiri\/salariul-minim-pe-economie-va-creste-de-la-1-ianuarie\/","title":{"rendered":"Salariul minim pe economie va cre\u015fte de la 1 ianuarie!"},"content":{"rendered":"<p style=\"text-align: justify;\"><strong><a href=\"https:\/\/www.giurgiuveanul.ro\/stiri\/wp-content\/uploads\/2019\/10\/se-dau-bani-de-la-stat-pana-la-1-decembrie-cine-se-incadreaza-si-ce-sume-vor-primi-315435.jpg\"><img loading=\"lazy\" decoding=\"async\" class=\"aligncenter size-large wp-image-63933\" src=\"https:\/\/www.giurgiuveanul.ro\/stiri\/wp-content\/uploads\/2019\/10\/se-dau-bani-de-la-stat-pana-la-1-decembrie-cine-se-incadreaza-si-ce-sume-vor-primi-315435-560x315.jpg\" alt=\"se-dau-bani-de-la-stat-pana-la-1-decembrie-cine-se-incadreaza-si-ce-sume-vor-primi-315435\" width=\"560\" height=\"315\" srcset=\"https:\/\/www.giurgiuveanul.ro\/stiri\/wp-content\/uploads\/2019\/10\/se-dau-bani-de-la-stat-pana-la-1-decembrie-cine-se-incadreaza-si-ce-sume-vor-primi-315435-560x315.jpg 560w, https:\/\/www.giurgiuveanul.ro\/stiri\/wp-content\/uploads\/2019\/10\/se-dau-bani-de-la-stat-pana-la-1-decembrie-cine-se-incadreaza-si-ce-sume-vor-primi-315435-250x141.jpg 250w, https:\/\/www.giurgiuveanul.ro\/stiri\/wp-content\/uploads\/2019\/10\/se-dau-bani-de-la-stat-pana-la-1-decembrie-cine-se-incadreaza-si-ce-sume-vor-primi-315435-400x225.jpg 400w, https:\/\/www.giurgiuveanul.ro\/stiri\/wp-content\/uploads\/2019\/10\/se-dau-bani-de-la-stat-pana-la-1-decembrie-cine-se-incadreaza-si-ce-sume-vor-primi-315435.jpg 800w\" sizes=\"auto, (max-width: 560px) 100vw, 560px\" \/><\/a>Salariul minim pe economie va cre\u0219te, de la 1 ianuarie, potrivit<!--more--> proiectului unei hot\u0103r\u00e2ri de guvern ce a fost pus \u00een dezbatere public\u0103 de Ministerul Muncii.<\/strong><\/p>\n<section id=\"__article-group-1\" class=\"article-block\">\n<div class=\"controller\">\n<div class=\"article-column\">\n<div id=\"__content\" class=\"__content\">\n<p>Potrivit proiectului de act normativ, salariul minim brut ar urma s\u0103 creasc\u0103 de la 1 ianuarie cu 182 de lei.<\/p>\n<p>Astfel, salariul minim brut va ajunge de la 2.080 lei, c\u00e2t este \u00een prezent, la 2.262 lei pentru angaja\u0163ii f\u0103r\u0103 studii superioare, iar pentru cei cu stuidii superioare \u015fi cel pu\u0163in un an de activitate \u00een domeniul \u00een care s-au specializat, la 2.620 lei.<\/p>\n<p><b><i>\u201e(1) \u00cencep\u00e2nd cu data de 1 ianuarie 2020, salariul de baz\u0103 minim brut pe \u0163ar\u0103 garantat \u00een plat\u0103, prev\u0103zut la art. 164 alin. (1) din Legea nr. 53\/2003 &#8211; Codul muncii, republicat\u0103, cu modific\u0103rile \u015fi complet\u0103rile ulterioare, se stabile\u015fte \u00een bani, f\u0103r\u0103 a include sporuri \u015fi alte adaosuri, la suma de 2.262 lei lunar, pentru un program normal de lucru \u00een medie de 167,333 ore pe lun\u0103, reprezent\u00e2nd 13,518 lei\/or\u0103.<\/i><\/b><\/p>\n<\/div>\n<\/div>\n<\/div>\n<\/section>\n<section id=\"__article-group-2\" class=\"article-block\">\n<div class=\"controller\">\n<div class=\"article-column\">\n<div class=\"__content\">\n<p style=\"text-align: justify;\"><b><i>(2) Prin excep\u0163ie de la prevederile alin. (1), \u00eencep\u00e2nd cu data de 1 ianuarie 2020, pentru personalul \u00eencadrat pe func\u0163ii pentru care se prevede nivelul de studii superioare, cu vechime \u00een munc\u0103 de cel pu\u0163in un an \u00een domeniul studiilor superioare, salariul de baz\u0103 minim brut pe \u0163ar\u0103 garantat \u00een plat\u0103, f\u0103r\u0103 a include sporuri \u015fi alte adaosuri, se majoreaz\u0103 de la 2.262 lei la 2.620 lei lunar, pentru un program normal de lucru de 167,333 ore \u00een medie pe lun\u0103, reprezent\u00e2nd 15,657 lei\/or\u0103\u201d<\/i><\/b>, se arat\u0103 \u00een proiectul de act normativ, publicat pe site-ul Ministrului Muncii.<\/p>\n<p style=\"text-align: justify;\">Opiniile pot fi trimise ministerului p\u00e2n\u0103 la data de 3 decembrie, adic\u0103 dup\u0103 ce va fi fost instalat noul guvern.<\/p>\n<p style=\"text-align: justify;\">\u00cen sprijinul adopt\u0103rii proiectului, ini\u0163iatorii au invocat c\u0103 este nevoie de astfel de m\u0103suri pentru reducerea num\u0103rului persoanelor salariate aflate \u00een risc de s\u0103r\u0103cie \u015fi excluziune social\u0103; \u00eembun\u0103t\u0103\u0163irea ponderii salariului minim \u00een salariul mediu, astfel \u00eenc\u00e2t raportul dintre aceste dou\u0103 salarii s\u0103 se apropie de 50%, a\u015fa cum este \u00een \u0163\u0103rile dezvoltate din Uniunea European\u0103; prevederile Programului de Guvernare 2018-2020 privind stabilirea salariului de baz\u0103 minim brut pe \u0163ar\u0103 pentru perioada 2018-2020 &#8211; factorii de ordin economic, inclusiv cerin\u0163ele dezvolt\u0103rii economice, productivitatea \u015fi interesul care exist\u0103 pentru a realiza \u015fi a men\u0163ine un \u00eenalt nivel de folosire a for\u0163ei de munc\u0103.<\/p>\n<\/div>\n<\/div>\n<\/div>\n<\/section>\n","protected":false},"excerpt":{"rendered":"<p>Salariul minim pe economie va cre\u0219te, de la 1 ianuarie, potrivit<\/p>\n","protected":false},"author":1,"featured_media":0,"comment_status":"open","ping_status":"open","sticky":false,"template":"","format":"standard","meta":{"footnotes":""},"categories":[6],"tags":[],"class_list":["post-63932","post","type-post","status-publish","format-standard","hentry","category-breaking-news"],"_links":{"self":[{"href":"https:\/\/www.giurgiuveanul.ro\/stiri\/wp-json\/wp\/v2\/posts\/63932","targetHints":{"allow":["GET"]}}],"collection":[{"href":"https:\/\/www.giurgiuveanul.ro\/stiri\/wp-json\/wp\/v2\/posts"}],"about":[{"href":"https:\/\/www.giurgiuveanul.ro\/stiri\/wp-json\/wp\/v2\/types\/post"}],"author":[{"embeddable":true,"href":"https:\/\/www.giurgiuveanul.ro\/stiri\/wp-json\/wp\/v2\/users\/1"}],"replies":[{"embeddable":true,"href":"https:\/\/www.giurgiuveanul.ro\/stiri\/wp-json\/wp\/v2\/comments?post=63932"}],"version-history":[{"count":0,"href":"https:\/\/www.giurgiuveanul.ro\/stiri\/wp-json\/wp\/v2\/posts\/63932\/revisions"}],"wp:attachment":[{"href":"https:\/\/www.giurgiuveanul.ro\/stiri\/wp-json\/wp\/v2\/media?parent=63932"}],"wp:term":[{"taxonomy":"category","embeddable":true,"href":"https:\/\/www.giurgiuveanul.ro\/stiri\/wp-json\/wp\/v2\/categories?post=63932"},{"taxonomy":"post_tag","embeddable":true,"href":"https:\/\/www.giurgiuveanul.ro\/stiri\/wp-json\/wp\/v2\/tags?post=63932"}],"curies":[{"name":"wp","href":"https:\/\/api.w.org\/{rel}","templated":true}]}}