{"id":63939,"date":"2019-10-28T18:02:46","date_gmt":"2019-10-28T16:02:46","guid":{"rendered":"https:\/\/www.giurgiuveanul.ro\/stiri\/?p=63939"},"modified":"2019-10-28T18:02:46","modified_gmt":"2019-10-28T16:02:46","slug":"marti-29-octombrie-se-opreste-curentul-electric-in-judetul-giurgiu-iata-localitatile-afectate-aici","status":"publish","type":"post","link":"https:\/\/www.giurgiuveanul.ro\/stiri\/marti-29-octombrie-se-opreste-curentul-electric-in-judetul-giurgiu-iata-localitatile-afectate-aici\/","title":{"rendered":"Mar\u0163i, 29 octombrie, se opre\u015fte curentul electric \u00een jude\u0163ul Giurgiu. Iat\u0103 localit\u0103\u0163ile afectate AICI"},"content":{"rendered":"<p style=\"text-align: justify;\"><a href=\"https:\/\/www.giurgiuveanul.ro\/stiri\/wp-content\/uploads\/2019\/10\/curent-electric.jpg\"><img loading=\"lazy\" decoding=\"async\" class=\"aligncenter size-large wp-image-63940\" src=\"https:\/\/www.giurgiuveanul.ro\/stiri\/wp-content\/uploads\/2019\/10\/curent-electric-560x315.jpg\" alt=\"curent-electric\" width=\"560\" height=\"315\" srcset=\"https:\/\/www.giurgiuveanul.ro\/stiri\/wp-content\/uploads\/2019\/10\/curent-electric-560x315.jpg 560w, https:\/\/www.giurgiuveanul.ro\/stiri\/wp-content\/uploads\/2019\/10\/curent-electric-250x141.jpg 250w, https:\/\/www.giurgiuveanul.ro\/stiri\/wp-content\/uploads\/2019\/10\/curent-electric-400x225.jpg 400w, https:\/\/www.giurgiuveanul.ro\/stiri\/wp-content\/uploads\/2019\/10\/curent-electric.jpg 816w\" sizes=\"auto, (max-width: 560px) 100vw, 560px\" \/><\/a>Pentru<!--more--> lucr\u0103rile anuale de repara\u0163ii \u015fi \u00eentre\u0163inere instala\u0163ii \u015fi re\u0163ele electrice, precum \u015fi posturi de transformare, E-Distribu\u0163ie Muntenia anun\u0163\u0103 \u00eentreruperea furniz\u0103rii energiei electrice \u00een timpul lucr\u0103rilor, \u00een data de 29 octombrie 2019, \u00een urm\u0103toarele zone din jude\u0163ul Giurgiu, dup\u0103 programul indicat mai jos.<\/p>\n<p style=\"text-align: justify;\"><strong>\u00centre orele 08:00 \u2013 16:00 \u00een urm\u0103toarele zone:<\/strong><\/p>\n<ul style=\"text-align: justify;\">\n<li>G\u0103ujani, Zambilei, Ghiocelului, Morii, Sos. Giurgiului, Sos. Principala, Ciresului, Visinului, Nucului, Marului, Craitei<\/li>\n<\/ul>\n<p style=\"text-align: justify;\"><strong>\u00centre orele 08:30 \u2013 16:30 \u00een urm\u0103toarele zone:<\/strong><\/p>\n<ul style=\"text-align: justify;\">\n<li>Comasca, str. Banului, Pandele<\/li>\n<li>Giurgiu, Sos. Sloboziei<\/li>\n<\/ul>\n<p style=\"text-align: justify;\"><strong>\u00centre orele 09:00 \u2013 16:00 \u00een urm\u0103toarele zone:<\/strong><\/p>\n<ul style=\"text-align: justify;\">\n<li>Giurgiu, str. Vidra<\/li>\n<li>Pietri\u015fu, Strada Principala, Daliei<\/li>\n<\/ul>\n<p style=\"text-align: justify;\"><strong>\u00centre orele 09:00 \u2013 17:00 \u00een urm\u0103toarele zone:<\/strong><\/p>\n<ul>\n<li style=\"text-align: justify;\">Poenari din comuna Ulmi, Principala si adiacente de la intersectia cu str Eternitatii spre Icoana, str Eternitatii<\/li>\n<li style=\"text-align: justify;\">R\u00eesuceni<\/li>\n<li style=\"text-align: justify;\">V\u0103r\u0103\u015fti, Sat Dobreni, toate strazile<\/li>\n<\/ul>\n","protected":false},"excerpt":{"rendered":"<p>Pentru<\/p>\n","protected":false},"author":1,"featured_media":0,"comment_status":"open","ping_status":"open","sticky":false,"template":"","format":"standard","meta":{"footnotes":""},"categories":[6],"tags":[],"class_list":["post-63939","post","type-post","status-publish","format-standard","hentry","category-breaking-news"],"_links":{"self":[{"href":"https:\/\/www.giurgiuveanul.ro\/stiri\/wp-json\/wp\/v2\/posts\/63939","targetHints":{"allow":["GET"]}}],"collection":[{"href":"https:\/\/www.giurgiuveanul.ro\/stiri\/wp-json\/wp\/v2\/posts"}],"about":[{"href":"https:\/\/www.giurgiuveanul.ro\/stiri\/wp-json\/wp\/v2\/types\/post"}],"author":[{"embeddable":true,"href":"https:\/\/www.giurgiuveanul.ro\/stiri\/wp-json\/wp\/v2\/users\/1"}],"replies":[{"embeddable":true,"href":"https:\/\/www.giurgiuveanul.ro\/stiri\/wp-json\/wp\/v2\/comments?post=63939"}],"version-history":[{"count":0,"href":"https:\/\/www.giurgiuveanul.ro\/stiri\/wp-json\/wp\/v2\/posts\/63939\/revisions"}],"wp:attachment":[{"href":"https:\/\/www.giurgiuveanul.ro\/stiri\/wp-json\/wp\/v2\/media?parent=63939"}],"wp:term":[{"taxonomy":"category","embeddable":true,"href":"https:\/\/www.giurgiuveanul.ro\/stiri\/wp-json\/wp\/v2\/categories?post=63939"},{"taxonomy":"post_tag","embeddable":true,"href":"https:\/\/www.giurgiuveanul.ro\/stiri\/wp-json\/wp\/v2\/tags?post=63939"}],"curies":[{"name":"wp","href":"https:\/\/api.w.org\/{rel}","templated":true}]}}