{"id":63966,"date":"2019-10-30T10:00:12","date_gmt":"2019-10-30T08:00:12","guid":{"rendered":"https:\/\/www.giurgiuveanul.ro\/stiri\/?p=63966"},"modified":"2019-10-30T10:01:12","modified_gmt":"2019-10-30T08:01:12","slug":"cele-mai-imbatranite-judete-ale-romaniei-cum-se-pozitioneaza-giurgiu-vezi-aici","status":"publish","type":"post","link":"https:\/\/www.giurgiuveanul.ro\/stiri\/cele-mai-imbatranite-judete-ale-romaniei-cum-se-pozitioneaza-giurgiu-vezi-aici\/","title":{"rendered":"Cele mai \u00eemb\u0103tr\u00e2nite jude\u0163e ale Rom\u00e2niei. Cum se pozi\u0163ioneaz\u0103 Giurgiu VEZI AICI"},"content":{"rendered":"<p style=\"text-align: justify;\"><strong><a href=\"https:\/\/www.giurgiuveanul.ro\/stiri\/wp-content\/uploads\/2019\/10\/Old-Married-Couple-Holding-Hands.jpg\"><img loading=\"lazy\" decoding=\"async\" class=\"aligncenter size-large wp-image-63967\" src=\"https:\/\/www.giurgiuveanul.ro\/stiri\/wp-content\/uploads\/2019\/10\/Old-Married-Couple-Holding-Hands-560x420.jpg\" alt=\"200338038-001\" width=\"560\" height=\"420\" srcset=\"https:\/\/www.giurgiuveanul.ro\/stiri\/wp-content\/uploads\/2019\/10\/Old-Married-Couple-Holding-Hands-560x420.jpg 560w, https:\/\/www.giurgiuveanul.ro\/stiri\/wp-content\/uploads\/2019\/10\/Old-Married-Couple-Holding-Hands-250x188.jpg 250w, https:\/\/www.giurgiuveanul.ro\/stiri\/wp-content\/uploads\/2019\/10\/Old-Married-Couple-Holding-Hands-400x300.jpg 400w, https:\/\/www.giurgiuveanul.ro\/stiri\/wp-content\/uploads\/2019\/10\/Old-Married-Couple-Holding-Hands.jpg 1536w\" sizes=\"auto, (max-width: 560px) 100vw, 560px\" \/><\/a>Cel mai \u201et\u00e2n\u0103r\u201d jude\u0163 din Rom\u00e2nia lui 2019 este<!--more--> Ia\u015fi, unde v\u00e2rsta medie a locuitorilor este pu\u0163in peste 38 de ani, iar cel mai \u201eb\u0103tr\u00e2n\u201d este Teleorman, unde locuitorul mediu trece de 44,2 ani, arat\u0103 datele Institutului Na\u0163ional de Statistic\u0103, prelucrate de HotNews.ro.<\/strong><\/p>\n<p style=\"text-align: justify;\"><a href=\"https:\/\/www.giurgiuveanul.ro\/stiri\/wp-content\/uploads\/2019\/10\/image-2019-10-28-23452505-0-varsta-locuitori.png\"><img loading=\"lazy\" decoding=\"async\" class=\"aligncenter size-large wp-image-63969\" src=\"https:\/\/www.giurgiuveanul.ro\/stiri\/wp-content\/uploads\/2019\/10\/image-2019-10-28-23452505-0-varsta-locuitori-560x198.png\" alt=\"image-2019-10-28-23452505-0-varsta-locuitori\" width=\"560\" height=\"198\" srcset=\"https:\/\/www.giurgiuveanul.ro\/stiri\/wp-content\/uploads\/2019\/10\/image-2019-10-28-23452505-0-varsta-locuitori-560x198.png 560w, https:\/\/www.giurgiuveanul.ro\/stiri\/wp-content\/uploads\/2019\/10\/image-2019-10-28-23452505-0-varsta-locuitori-250x88.png 250w, https:\/\/www.giurgiuveanul.ro\/stiri\/wp-content\/uploads\/2019\/10\/image-2019-10-28-23452505-0-varsta-locuitori-400x141.png 400w\" sizes=\"auto, (max-width: 560px) 100vw, 560px\" \/><\/a><\/p>\n<p style=\"text-align: justify;\">Toate jude\u021bele \u00eemb\u0103tr\u00e2nesc, f\u0103r\u0103 excep\u021bie: at\u00e2t cele cu un PIB\/capita ridicat c\u00e2t \u0219i cele mai s\u0103race. Asist\u0103m de asemenea la un fenomen interesant: de\u0219i am putea intui faptul c\u0103 zonele mai bogate au o rat\u0103 a decesului mai mic\u0103 \u0219i tind s\u0103 atrag\u0103 lucr\u0103torii mai tineri din alte jude\u021be iar zonele s\u0103race au o natalitate mai mare \u0219i ar trebui s\u0103 aib\u0103 o v\u00e2rst\u0103 medie mai redus\u0103, realitatea contrazice aceast\u0103 prezum\u021bie, scrie Hotnews.ro.<\/p>\n<p style=\"text-align: justify;\">Cele mai &#8222;b\u0103tr\u00e2ne&#8221; jude\u021be: Teleorman (v\u00e2rsta medie e de 44,23 ani), Valcea (43,37 ani), Braila (43,08 ani), Hunedoara (42,79 ani), Caras-Severin (42,6), Olt (42,5 ani), Buzau (42,48 ani), Prahova (42,35 ani), Municipiul Bucuresti (42,29 ani) \u0219i Arges (42,05 ani).<\/p>\n<p style=\"text-align: justify;\">Cele mai tinere jude\u021be: Ia\u0219i, Ilfov, Suceava \u0219i Vaslui, cu v\u00e2rsta medie a locuitorilor \u00een jurul a 38 de ani.<\/p>\n<p style=\"text-align: justify;\"><strong>\u00cen jude\u0163ul Giurgiu v\u00e2rsta medie este de <span style=\"color: #ff0000;\">41,59 ani<\/span>, deci nu foarte departe de jude\u0163ele \u201eb\u0103tr\u00e2ne\u201d<\/strong>.<\/p>\n<p style=\"text-align: justify;\">De asemenea, \u00eemb\u0103tr\u00e2nirea popula\u021biei impinge autorit\u0103\u021bile locale \u2013 ale c\u0103ror venituri depind de \u00eencas\u0103rile din taxele \u0219i impozitele locale- s\u0103 gestioneze cu dificultate presiunea fiscal\u0103 asupra contribuabililor. \u00centr-un ora\u0219 foarte \u00eemb\u0103tr\u00e2nit cum e Pucioasa de pild\u0103, nu po\u021bi cre\u0219te taxele aplicate popula\u021biei (majoritar pensionar\u0103) \u0219i e\u0219ti nevoit ca Prim\u0103rie s\u0103 taxezi suplimentar pu\u021binele afaceri care au mai rezistat \u00een zon\u0103.<\/p>\n<p style=\"text-align: justify;\">Iar de c\u00e2nd v\u00e2rsta a devenit un criteriu al op\u021biunilor politice (se \u0219tie c\u0103 \u00een majoritate, seniorii prefer\u0103 solu\u021bii de st\u00e2nga iar tinerii pe cele de dreapta), aceast\u0103 divergen\u021b\u0103 demografic\u0103 conteaz\u0103 \u0219i din punct de vedere electoral.<\/p>\n","protected":false},"excerpt":{"rendered":"<p>Cel mai \u201et\u00e2n\u0103r\u201d jude\u0163 din Rom\u00e2nia lui 2019 este<\/p>\n","protected":false},"author":1,"featured_media":0,"comment_status":"open","ping_status":"open","sticky":false,"template":"","format":"standard","meta":{"footnotes":""},"categories":[6],"tags":[],"class_list":["post-63966","post","type-post","status-publish","format-standard","hentry","category-breaking-news"],"_links":{"self":[{"href":"https:\/\/www.giurgiuveanul.ro\/stiri\/wp-json\/wp\/v2\/posts\/63966","targetHints":{"allow":["GET"]}}],"collection":[{"href":"https:\/\/www.giurgiuveanul.ro\/stiri\/wp-json\/wp\/v2\/posts"}],"about":[{"href":"https:\/\/www.giurgiuveanul.ro\/stiri\/wp-json\/wp\/v2\/types\/post"}],"author":[{"embeddable":true,"href":"https:\/\/www.giurgiuveanul.ro\/stiri\/wp-json\/wp\/v2\/users\/1"}],"replies":[{"embeddable":true,"href":"https:\/\/www.giurgiuveanul.ro\/stiri\/wp-json\/wp\/v2\/comments?post=63966"}],"version-history":[{"count":0,"href":"https:\/\/www.giurgiuveanul.ro\/stiri\/wp-json\/wp\/v2\/posts\/63966\/revisions"}],"wp:attachment":[{"href":"https:\/\/www.giurgiuveanul.ro\/stiri\/wp-json\/wp\/v2\/media?parent=63966"}],"wp:term":[{"taxonomy":"category","embeddable":true,"href":"https:\/\/www.giurgiuveanul.ro\/stiri\/wp-json\/wp\/v2\/categories?post=63966"},{"taxonomy":"post_tag","embeddable":true,"href":"https:\/\/www.giurgiuveanul.ro\/stiri\/wp-json\/wp\/v2\/tags?post=63966"}],"curies":[{"name":"wp","href":"https:\/\/api.w.org\/{rel}","templated":true}]}}