{"id":63971,"date":"2019-10-30T17:08:01","date_gmt":"2019-10-30T15:08:01","guid":{"rendered":"https:\/\/www.giurgiuveanul.ro\/stiri\/?p=63971"},"modified":"2019-10-30T17:08:01","modified_gmt":"2019-10-30T15:08:01","slug":"acum-accident-rutier-masina-iesit-in-peisaj-foto","status":"publish","type":"post","link":"https:\/\/www.giurgiuveanul.ro\/stiri\/acum-accident-rutier-masina-iesit-in-peisaj-foto\/","title":{"rendered":"ACUM. ACCIDENT RUTIER; o ma\u0219in\u0103 a ie\u0219it \u00een peisaj! (FOTO)"},"content":{"rendered":"<p style=\"text-align: justify;\"><a href=\"https:\/\/www.giurgiuveanul.ro\/stiri\/wp-content\/uploads\/2019\/10\/75371639_519839868594824_35111237385715712_n.jpg\"><img loading=\"lazy\" decoding=\"async\" class=\"aligncenter size-large wp-image-63972\" src=\"https:\/\/www.giurgiuveanul.ro\/stiri\/wp-content\/uploads\/2019\/10\/75371639_519839868594824_35111237385715712_n-560x272.jpg\" alt=\"75371639_519839868594824_35111237385715712_n\" width=\"560\" height=\"272\" srcset=\"https:\/\/www.giurgiuveanul.ro\/stiri\/wp-content\/uploads\/2019\/10\/75371639_519839868594824_35111237385715712_n-560x272.jpg 560w, https:\/\/www.giurgiuveanul.ro\/stiri\/wp-content\/uploads\/2019\/10\/75371639_519839868594824_35111237385715712_n-250x121.jpg 250w, https:\/\/www.giurgiuveanul.ro\/stiri\/wp-content\/uploads\/2019\/10\/75371639_519839868594824_35111237385715712_n-400x194.jpg 400w, https:\/\/www.giurgiuveanul.ro\/stiri\/wp-content\/uploads\/2019\/10\/75371639_519839868594824_35111237385715712_n.jpg 1600w\" sizes=\"auto, (max-width: 560px) 100vw, 560px\" \/><\/a>Totul s-a \u00eent\u00e2mplat \u00een urm\u0103 cu pu\u0163in timp,<!--more--> pe drumul spre Vieru. O ma\u0219in\u0103 a ie\u0219it de pe \u0219osea, accidentul sold\u00e2ndu-se cu o victim\u0103, o femeie, pasager, care a fost transportat\u0103 de un echipaj al Ambulan\u0163ei, la Spitalul Jude\u0163ean Giurgiu.<\/p>\n<p style=\"text-align: justify;\">Poli\u021bi\u0219tii rutieri au deschis o anchet\u0103 \u0219i continu\u0103 cercet\u0103rile pentru stabilirea \u00eemprejur\u0103rilor \u00een care s-a produs accidentul.<\/p>\n<p style=\"text-align: justify;\"><em><strong>N.R. Mul\u0163umim cititorului nostru pentru fotografiile transmise pe adresa redac\u0163iei.<\/strong><\/em><\/p>\n","protected":false},"excerpt":{"rendered":"<p>Totul s-a \u00eent\u00e2mplat \u00een urm\u0103 cu pu\u0163in timp,<\/p>\n","protected":false},"author":1,"featured_media":0,"comment_status":"open","ping_status":"open","sticky":false,"template":"","format":"standard","meta":{"footnotes":""},"categories":[6],"tags":[],"class_list":["post-63971","post","type-post","status-publish","format-standard","hentry","category-breaking-news"],"_links":{"self":[{"href":"https:\/\/www.giurgiuveanul.ro\/stiri\/wp-json\/wp\/v2\/posts\/63971","targetHints":{"allow":["GET"]}}],"collection":[{"href":"https:\/\/www.giurgiuveanul.ro\/stiri\/wp-json\/wp\/v2\/posts"}],"about":[{"href":"https:\/\/www.giurgiuveanul.ro\/stiri\/wp-json\/wp\/v2\/types\/post"}],"author":[{"embeddable":true,"href":"https:\/\/www.giurgiuveanul.ro\/stiri\/wp-json\/wp\/v2\/users\/1"}],"replies":[{"embeddable":true,"href":"https:\/\/www.giurgiuveanul.ro\/stiri\/wp-json\/wp\/v2\/comments?post=63971"}],"version-history":[{"count":0,"href":"https:\/\/www.giurgiuveanul.ro\/stiri\/wp-json\/wp\/v2\/posts\/63971\/revisions"}],"wp:attachment":[{"href":"https:\/\/www.giurgiuveanul.ro\/stiri\/wp-json\/wp\/v2\/media?parent=63971"}],"wp:term":[{"taxonomy":"category","embeddable":true,"href":"https:\/\/www.giurgiuveanul.ro\/stiri\/wp-json\/wp\/v2\/categories?post=63971"},{"taxonomy":"post_tag","embeddable":true,"href":"https:\/\/www.giurgiuveanul.ro\/stiri\/wp-json\/wp\/v2\/tags?post=63971"}],"curies":[{"name":"wp","href":"https:\/\/api.w.org\/{rel}","templated":true}]}}