{"id":63977,"date":"2019-10-31T09:36:52","date_gmt":"2019-10-31T07:36:52","guid":{"rendered":"https:\/\/www.giurgiuveanul.ro\/stiri\/?p=63977"},"modified":"2019-10-31T09:36:52","modified_gmt":"2019-10-31T07:36:52","slug":"pe-1-noiembrie-vino-sa-te-racoresti-cu-portie-sanatoasa-de-ras-la-showul-de-stand-up-comedy-la-trattoria-di-centro","status":"publish","type":"post","link":"https:\/\/www.giurgiuveanul.ro\/stiri\/pe-1-noiembrie-vino-sa-te-racoresti-cu-portie-sanatoasa-de-ras-la-showul-de-stand-up-comedy-la-trattoria-di-centro\/","title":{"rendered":"Pe 1 noiembrie&#8230; VINO s\u0103 te r\u0103core\u0219ti cu o por\u021bie s\u0103n\u0103toas\u0103 de r\u00e2s la showul de stand-up comedy, \u201eLA TRATTORIA DI CENTRO\u201d!"},"content":{"rendered":"<p style=\"text-align: justify;\"><a href=\"https:\/\/www.giurgiuveanul.ro\/stiri\/wp-content\/uploads\/2019\/10\/72610837_2594090783944758_140299642209304576_o.jpg\"><img loading=\"lazy\" decoding=\"async\" class=\"aligncenter size-large wp-image-63978\" src=\"https:\/\/www.giurgiuveanul.ro\/stiri\/wp-content\/uploads\/2019\/10\/72610837_2594090783944758_140299642209304576_o-560x296.jpg\" alt=\"72610837_2594090783944758_140299642209304576_o\" width=\"560\" height=\"296\" srcset=\"https:\/\/www.giurgiuveanul.ro\/stiri\/wp-content\/uploads\/2019\/10\/72610837_2594090783944758_140299642209304576_o-560x296.jpg 560w, https:\/\/www.giurgiuveanul.ro\/stiri\/wp-content\/uploads\/2019\/10\/72610837_2594090783944758_140299642209304576_o-250x132.jpg 250w, https:\/\/www.giurgiuveanul.ro\/stiri\/wp-content\/uploads\/2019\/10\/72610837_2594090783944758_140299642209304576_o-400x211.jpg 400w, https:\/\/www.giurgiuveanul.ro\/stiri\/wp-content\/uploads\/2019\/10\/72610837_2594090783944758_140299642209304576_o.jpg 1024w\" sizes=\"auto, (max-width: 560px) 100vw, 560px\" \/><\/a>Te bate la cap \u0219i \u00ee\u021bi repet\u0103 f\u0103r\u0103 oprire c\u0103 o \u021bii numai \u00een cas\u0103? Sim\u021bi c\u0103 vrei s\u0103<!--more--> o faci s\u0103 tac\u0103? Eeee, noi venim \u00een ajutorul t\u0103u de data asta. Sun\u0103 \u0219i f\u0103 rezervare la un super show \u0219i \u00ee\u021bi garant\u0103m c\u0103 o s\u0103 ai parte de lini\u0219te&#8230; o lun\u0103 \u00eentreag\u0103!<\/p>\n<p style=\"text-align: justify;\">Drept urmare, sunte\u0163i invita\u0163i vineri, 1 noiembrie 2019, cu \u00eencepere de la ora 19:30, la \u201eLa Trattoria Di Centro\u201d (fostul \u201eNo One\u201d) la un Stand-up comedy cu <strong>Radu Bucalae, Nelu Cortea <\/strong>\u015fi<strong> Ioana State<\/strong>!<\/p>\n<p style=\"text-align: justify;\">Mai ave\u0163i o \u015fans\u0103&#8230;\u00a0 suna\u0163i acum la <strong>0765.480.488<\/strong>.<\/p>\n","protected":false},"excerpt":{"rendered":"<p>Te bate la cap \u0219i \u00ee\u021bi repet\u0103 f\u0103r\u0103 oprire c\u0103 o \u021bii numai \u00een cas\u0103? Sim\u021bi c\u0103 vrei s\u0103<\/p>\n","protected":false},"author":1,"featured_media":0,"comment_status":"open","ping_status":"open","sticky":false,"template":"","format":"standard","meta":{"footnotes":""},"categories":[6],"tags":[],"class_list":["post-63977","post","type-post","status-publish","format-standard","hentry","category-breaking-news"],"_links":{"self":[{"href":"https:\/\/www.giurgiuveanul.ro\/stiri\/wp-json\/wp\/v2\/posts\/63977","targetHints":{"allow":["GET"]}}],"collection":[{"href":"https:\/\/www.giurgiuveanul.ro\/stiri\/wp-json\/wp\/v2\/posts"}],"about":[{"href":"https:\/\/www.giurgiuveanul.ro\/stiri\/wp-json\/wp\/v2\/types\/post"}],"author":[{"embeddable":true,"href":"https:\/\/www.giurgiuveanul.ro\/stiri\/wp-json\/wp\/v2\/users\/1"}],"replies":[{"embeddable":true,"href":"https:\/\/www.giurgiuveanul.ro\/stiri\/wp-json\/wp\/v2\/comments?post=63977"}],"version-history":[{"count":0,"href":"https:\/\/www.giurgiuveanul.ro\/stiri\/wp-json\/wp\/v2\/posts\/63977\/revisions"}],"wp:attachment":[{"href":"https:\/\/www.giurgiuveanul.ro\/stiri\/wp-json\/wp\/v2\/media?parent=63977"}],"wp:term":[{"taxonomy":"category","embeddable":true,"href":"https:\/\/www.giurgiuveanul.ro\/stiri\/wp-json\/wp\/v2\/categories?post=63977"},{"taxonomy":"post_tag","embeddable":true,"href":"https:\/\/www.giurgiuveanul.ro\/stiri\/wp-json\/wp\/v2\/tags?post=63977"}],"curies":[{"name":"wp","href":"https:\/\/api.w.org\/{rel}","templated":true}]}}