{"id":63980,"date":"2019-10-31T17:32:12","date_gmt":"2019-10-31T15:32:12","guid":{"rendered":"https:\/\/www.giurgiuveanul.ro\/stiri\/?p=63980"},"modified":"2019-10-31T17:32:12","modified_gmt":"2019-10-31T15:32:12","slug":"giurgiuvean-condamnat-la-si-sase-luni-de-inchisoare-pentru-refuz-la-prelevarea-de-mostre-biologice","status":"publish","type":"post","link":"https:\/\/www.giurgiuveanul.ro\/stiri\/giurgiuvean-condamnat-la-si-sase-luni-de-inchisoare-pentru-refuz-la-prelevarea-de-mostre-biologice\/","title":{"rendered":"Giurgiuvean condamnat la un an \u0219i \u015fase luni de \u00eenchisoare pentru refuz la prelevarea de mostre biologice"},"content":{"rendered":"<p style=\"text-align: justify;\"><strong><a href=\"https:\/\/www.giurgiuveanul.ro\/stiri\/wp-content\/uploads\/2019\/10\/ciocan-\u00ceCCJ-1000x600.jpg\"><img loading=\"lazy\" decoding=\"async\" class=\"aligncenter size-large wp-image-63981\" src=\"https:\/\/www.giurgiuveanul.ro\/stiri\/wp-content\/uploads\/2019\/10\/ciocan-\u00ceCCJ-1000x600-560x336.jpg\" alt=\"ciocan-\u00ceCCJ-1000x600\" width=\"560\" height=\"336\" srcset=\"https:\/\/www.giurgiuveanul.ro\/stiri\/wp-content\/uploads\/2019\/10\/ciocan-\u00ceCCJ-1000x600-560x336.jpg 560w, https:\/\/www.giurgiuveanul.ro\/stiri\/wp-content\/uploads\/2019\/10\/ciocan-\u00ceCCJ-1000x600-250x150.jpg 250w, https:\/\/www.giurgiuveanul.ro\/stiri\/wp-content\/uploads\/2019\/10\/ciocan-\u00ceCCJ-1000x600-400x240.jpg 400w, https:\/\/www.giurgiuveanul.ro\/stiri\/wp-content\/uploads\/2019\/10\/ciocan-\u00ceCCJ-1000x600.jpg 1000w\" sizes=\"auto, (max-width: 560px) 100vw, 560px\" \/><\/a>Poli\u021bi\u0219tii din cadrul Inspectoratului Jude\u021bean de Poli\u021bie al Jude\u021bului Giurgiu au<!--more--> pus \u00een aplicare un mandat de executare a pedepsei cu \u00eenchisoarea, emis pe numele unui b\u0103rbat, din comuna Fr\u0103te\u0219ti, jude\u021bul Giurgiu, condamnat la o pedeaps\u0103 de un an \u0219i \u015fase luni de \u00eenchisoare.<\/strong><\/p>\n<p style=\"text-align: justify;\">La data de 29 octombrie a.c., poli\u021bi\u0219tii din cadrul Serviciului de Investiga\u021bii Criminale, Sec\u021biei nr. 6 Poli\u021bie Rural\u0103 Mih\u0103ile\u0219ti \u0219i Poli\u021biei Ora\u0219ului Bolintin Vale au organizat \u0219i executat o ac\u021biune, ocazie cu care au depistat un b\u0103rbat, de 34 de ani, din comuna Fr\u0103te\u0219ti, jude\u021bul Giurgiu, pe numele c\u0103ruia Judec\u0103toria Giurgiu a emis un mandat de executare a pedepsei cu \u00eenchisoarea, fiind condamnat la o pedeaps\u0103 de un an \u0219i \u015fase luni pentru s\u0103v\u00e2r\u0219irea infrac\u021biunii de refuz de la prelevarea de mostre biologice.<\/p>\n<p style=\"text-align: justify;\">Persoana depistat\u0103 a fost condus\u0103 la sediul unit\u0103\u021bii de poli\u021bie pentru \u00eentocmirea documenta\u021biei necesare \u0219i depus\u0103 ulterior \u00een cadrul Penitenciarului Giurgiu.<\/p>\n","protected":false},"excerpt":{"rendered":"<p>Poli\u021bi\u0219tii din cadrul Inspectoratului Jude\u021bean de Poli\u021bie al Jude\u021bului Giurgiu au<\/p>\n","protected":false},"author":1,"featured_media":0,"comment_status":"open","ping_status":"open","sticky":false,"template":"","format":"standard","meta":{"footnotes":""},"categories":[6],"tags":[],"class_list":["post-63980","post","type-post","status-publish","format-standard","hentry","category-breaking-news"],"_links":{"self":[{"href":"https:\/\/www.giurgiuveanul.ro\/stiri\/wp-json\/wp\/v2\/posts\/63980","targetHints":{"allow":["GET"]}}],"collection":[{"href":"https:\/\/www.giurgiuveanul.ro\/stiri\/wp-json\/wp\/v2\/posts"}],"about":[{"href":"https:\/\/www.giurgiuveanul.ro\/stiri\/wp-json\/wp\/v2\/types\/post"}],"author":[{"embeddable":true,"href":"https:\/\/www.giurgiuveanul.ro\/stiri\/wp-json\/wp\/v2\/users\/1"}],"replies":[{"embeddable":true,"href":"https:\/\/www.giurgiuveanul.ro\/stiri\/wp-json\/wp\/v2\/comments?post=63980"}],"version-history":[{"count":0,"href":"https:\/\/www.giurgiuveanul.ro\/stiri\/wp-json\/wp\/v2\/posts\/63980\/revisions"}],"wp:attachment":[{"href":"https:\/\/www.giurgiuveanul.ro\/stiri\/wp-json\/wp\/v2\/media?parent=63980"}],"wp:term":[{"taxonomy":"category","embeddable":true,"href":"https:\/\/www.giurgiuveanul.ro\/stiri\/wp-json\/wp\/v2\/categories?post=63980"},{"taxonomy":"post_tag","embeddable":true,"href":"https:\/\/www.giurgiuveanul.ro\/stiri\/wp-json\/wp\/v2\/tags?post=63980"}],"curies":[{"name":"wp","href":"https:\/\/api.w.org\/{rel}","templated":true}]}}